{"id":1200,"date":"2010-05-06T13:38:59","date_gmt":"2010-05-06T11:38:59","guid":{"rendered":"http:\/\/www.historielaget.jostedal.no\/?p=1200"},"modified":"2011-06-17T09:06:14","modified_gmt":"2011-06-17T07:06:14","slug":"arsmelding-2009-for-jostedal-historielag","status":"publish","type":"post","link":"https:\/\/www.historielaget.jostedal.no\/?p=1200","title":{"rendered":"\u00c5rsmelding 2009 for Jostedal historielag"},"content":{"rendered":"<p>Godkjend p\u00e5 \u00e5rsm\u00f8tet 10. mars 2010<!--more--><\/p>\n<p><strong>Styret og nemnder:<\/strong><br \/>\nLeiar: Olav St\u00f8len<br \/>\nKasserar: Aud Foss\u00f8y<br \/>\nSekret\u00e6r: Oddmund L. Hoel<br \/>\nStyremedlem: Lars Neset<br \/>\nStyremedlem: Einar Blikra<br \/>\nVaramedlemer: Liv Espe og Harald Haugen<\/p>\n<p>Valnemnd: Kristen Ormberg og \u00c5ne Elgersma<br \/>\nRevisor: Gunnar Ruud<br \/>\nTilsyn med Berget: Liv Espe, Lars Neset og Harald Haugen<br \/>\nTilsyn med Kvernhuset: Alfred Tuften<br \/>\nTilsyn med Skulehuset: \u00c5ne Elgersma<br \/>\nBoknemnd: Sigbj\u00f8rg Sperle og Peder Kj\u00e6rvik<\/p>\n<p>\u00c5rsm\u00f8te vart halde den 12. mars og sidan har det halde eit regulert styrem\u00f8te den 6.mai, og fleire telefonm\u00f8ter.<\/p>\n<p><strong>Kulturminne\u00e5ret. <\/strong><br \/>\nSaman med Jostedal Helselag og Kulturantrepren\u00f8rane i Luster skipa me til ein &laquo;kulturdag&raquo; p\u00e5 Nigardsgrandane den 7. juni. Her vart det laga sm\u00f8r, ost, br\u00f8d og potetkaker og ikkje \u00e5 gl\u00f8yme byggraut fr\u00e5 mj\u00f8l mele p\u00e5 den gamle kverni. Veret var med oss og mykje folk fann vegen til markeringa og det vart &raquo; kultur&raquo; for sinn, auga og mage!<\/p>\n<p><strong>Utstilling av kunst etter Sjur Hesjevoll.<br \/>\n<\/strong>I samband med marknadshelgi den 18. &#8211; 19. juli fekk me lage ein flott utstilling av arbeider etter Sjur. Familien til Sjur, men ogs\u00e5 andre l\u00e5nte ut bilete (52) og mykje av anna kunst (34). Utstillingen, som var arrangert i Samfunnshuset, vart bes\u00f8kt av 41 9 personar. Som ledd i opninga av utstillingen held K\u00e5re \u00d8vregard eit innlegg om Sjur. Dette kan ein lese i Bj\u00f8nnaposten 2009.<\/p>\n<p><strong>Stadnamnprosjektet.<br \/>\n<\/strong>Det er arbeidt vidare med dette store materiale i 2009 og m\u00e5let er \u00e5 f\u00e5 alle namn registrerte i Fylkesarkivet, og slik at dei vert tilgjengeleg p\u00e5 nettet.<\/p>\n<p><strong>Stadnamnsdag.<\/strong><br \/>\nI samband med stadnamnprosjektet vart det, s\u00f8ndag den l l. oktober, arrangert tur opp over Jostedalen. Turen starta i Gaupne, med fyrste stopp i kraftstasjonen p\u00e5 Ormbergst\u00f8len. Har vart det og kaffepause og &laquo;stadnamn&raquo; i Statskraft sine lokal. Turen gikk videre opp over dalen med lengre stopp ved flaurnmerket i Foss\u00f8ygj\u00f8let, i Kyrkja og ved<br \/>\nSteinstova p\u00e5 F\u00e5berg. Om lag 30 personar deltok p\u00e5 turen, som vart avslutta med felles middag p\u00e5 Jostedal Hotell.<\/p>\n<p><strong>Jostedalskartet.<br \/>\n<\/strong>Arbeidet har teke noko meir tid enn planlagt, men me rekna med \u00e5 f\u00e5 det ferdig i \u00e5r.<\/p>\n<p><strong>Fangstanlegg.<br \/>\n<\/strong>Arbeidet med \u00e5 registrere gamle fangstanlegg i fjellomr\u00e5da v\u00e5re er n\u00e5 samanfatta i ei bok som Sverre Fossen har skrivi: &laquo;Rein og reinsjakt i Jostedalsfjelli&raquo; Me hadde &laquo;bokslepp&raquo; p\u00e5 Jostedal Hotell sundag den 29. november. Om lag 50 interesserte personar m\u00f8tte opp for \u00e5 h\u00f8yre Sverres introduksjon av boki. Vidare heldt Fjellopsynsmannen, Einar Fortun, og Jordbrukssjefen i Luster, Steinuf Skjerdal, interessante innlegg relatert til rein og reins-jakt. Alt i alt vart tilskipinga og lanseringa av boki ei flott bidrag til det viktige arbeide med registrering av gamle fangstanlegg i Jostedalsfjelli.<\/p>\n<p><strong>Arkeologiprosjektet.<br \/>\n<\/strong>Det st\u00e5r att \u00e5 analysere ein del jordpr\u00f8ver som vart tekne. Dette vil danne eit breiare grunnlag for dei konklusjonane som alt er trekte.<\/p>\n<p><strong>Bygningar.<\/strong><br \/>\nLaget har hatt dugnadsarbeid og utgifter med \u00e5 restaurere vassveiti til kverni, slik at den kan brukast ved vanleg vassf\u00f8ring i elvi. N\u00e5 manglar det ei solid luke ved sj\u00f8lve inntaket og to luker n\u00e6rmare kverni.<br \/>\nElles har det vori utf\u00f8rt naudsynt vedlikehald og reinhald p\u00e5 skulehuset og husi i Berget.<\/p>\n<p><strong>Skilting. <\/strong><br \/>\nInformasjonstavler p\u00e5 vegen &#8211; Espe &#8211; Elvekrok. I samarbeid med Jostedal Skule er tavlene gjort ferdige og sett opp.<\/p>\n<p><strong>Eigen nettstad. <\/strong><br \/>\nJostedal Historielag har eiga heimeside. Oddmund L. Hoel er redakt\u00f8r og adressa er: <a href=\"http:\/\/www.historielaget.jostedal.no\">http:\/\/www.historielaget.jostedal.no<\/a><\/p>\n","protected":false},"excerpt":{"rendered":"<p>Godkjend p\u00e5 \u00e5rsm\u00f8tet 10. mars 2010<\/p>\n","protected":false},"author":2,"featured_media":0,"comment_status":"open","ping_status":"open","sticky":false,"template":"","format":"standard","meta":{"ngg_post_thumbnail":0,"footnotes":""},"categories":[10],"tags":[],"class_list":["post-1200","post","type-post","status-publish","format-standard","hentry","category-arsmeldingar"],"_links":{"self":[{"href":"https:\/\/www.historielaget.jostedal.no\/index.php?rest_route=\/wp\/v2\/posts\/1200","targetHints":{"allow":["GET"]}}],"collection":[{"href":"https:\/\/www.historielaget.jostedal.no\/index.php?rest_route=\/wp\/v2\/posts"}],"about":[{"href":"https:\/\/www.historielaget.jostedal.no\/index.php?rest_route=\/wp\/v2\/types\/post"}],"author":[{"embeddable":true,"href":"https:\/\/www.historielaget.jostedal.no\/index.php?rest_route=\/wp\/v2\/users\/2"}],"replies":[{"embeddable":true,"href":"https:\/\/www.historielaget.jostedal.no\/index.php?rest_route=%2Fwp%2Fv2%2Fcomments&post=1200"}],"version-history":[{"count":4,"href":"https:\/\/www.historielaget.jostedal.no\/index.php?rest_route=\/wp\/v2\/posts\/1200\/revisions"}],"predecessor-version":[{"id":1203,"href":"https:\/\/www.historielaget.jostedal.no\/index.php?rest_route=\/wp\/v2\/posts\/1200\/revisions\/1203"}],"wp:attachment":[{"href":"https:\/\/www.historielaget.jostedal.no\/index.php?rest_route=%2Fwp%2Fv2%2Fmedia&parent=1200"}],"wp:term":[{"taxonomy":"category","embeddable":true,"href":"https:\/\/www.historielaget.jostedal.no\/index.php?rest_route=%2Fwp%2Fv2%2Fcategories&post=1200"},{"taxonomy":"post_tag","embeddable":true,"href":"https:\/\/www.historielaget.jostedal.no\/index.php?rest_route=%2Fwp%2Fv2%2Ftags&post=1200"}],"curies":[{"name":"wp","href":"https:\/\/api.w.org\/{rel}","templated":true}]}}