{"id":1204,"date":"2010-05-06T13:45:10","date_gmt":"2010-05-06T11:45:10","guid":{"rendered":"http:\/\/www.historielaget.jostedal.no\/?p=1204"},"modified":"2011-05-27T14:39:55","modified_gmt":"2011-05-27T12:39:55","slug":"arbeidsplan-for-2010","status":"publish","type":"post","link":"https:\/\/www.historielaget.jostedal.no\/?p=1204","title":{"rendered":"Arbeidsplan for 2010"},"content":{"rendered":"<p>Vedteke p\u00e5 \u00e5rsm\u00f8tet 10. mars 2010\u00a0<!--more--><\/p>\n<p>1. Bilete av Sjur Hesjevolls kunst. Det vart teke bilete av all kunst p\u00e5 utstillingen i fjor og planen var \u00e5 lage ei &laquo;kunstbok\/kunstkalender&raquo; i samband med utstillingen. Men dette vart for omfattande til \u00e5 kunne n\u00e5s, og derfor tek Laget det opp att i \u00e5r. Det fyrste arbeid me vil gjere er \u00e5 samle inn bilda (fr\u00e5 forskjellige fotografar), velje ut, og legge<br \/>\nbileta p\u00e5 nettet.<\/p>\n<p>2. Kverni. Det &laquo;grove&raquo; arbeid med \u00e5 reinske opp att vassveiti inntil kverni er gjort, men det manglar nok0 finpussing og tiljamning. S\u00e5 lyt det lagast ei solid regulerbar luke inntil sj\u00f8lve elvi og likeeins ei luke for sj\u00f8lve kvernsloket. D\u00e5 kverni ligg i naturreservatet har me s\u00f8kt Landbrukssjefen i Luster om l\u00f8yve til \u00e5 gjere dette arbeid og det har me f\u00e5tt.<\/p>\n<p>3. Stadnamnprosjektet. Det vert arbeidt vidare med \u00e5 legge den siste del av registrerte stadnamn inn p\u00e5 data, og f\u00e5\u00a0lage ferdig Jostedalskartet.<\/p>\n<p>4. Arkeologiprosjektet. Universitetet i Bergen manglar \u00e5 f\u00e5 lage ein del analyser av jordpr\u00f8ver. Data fr\u00e5 desse vil gje eit sikrare daterings grunnlag.<\/p>\n<p>5. Vegsoge om Jostedalen. P\u00e5 stadnamnturen i fjor haust trekte ingeni\u00f8r Per Birger Lomheim fram mykje spennande om vegbygging i Jostedalen. I samarbeide med Per Birger vil JH starte med \u00e5 f\u00e5 skrive ei vegsoge.<\/p>\n<p>6. Vedlikehald av bygningar. Utover vanleg vedlikehald m\u00e5 det i \u00e5r leggast opp ei ny, 11 m lang, takrenne p\u00e5 fj\u00f8sen i Berget. Dette for \u00e5 hindre at det renn vatn inn i den store muren mot syd. Seinhaustes vil det danne seg is i muren og dette kan f\u00f8re til at murstein sklir ut. Renna vert laga i tre og helst av osp.<\/p>\n<p>7. Anna aktivitet. Utover dei planlagde aktivitetar dukkar det alltid opp arbeid \/ tilskipingar som Laget m\u00e5 ta del i.<\/p>\n","protected":false},"excerpt":{"rendered":"<p>Vedteke p\u00e5 \u00e5rsm\u00f8tet 10. mars 2010\u00a0<\/p>\n","protected":false},"author":2,"featured_media":0,"comment_status":"open","ping_status":"open","sticky":false,"template":"","format":"standard","meta":{"ngg_post_thumbnail":0,"footnotes":""},"categories":[18],"tags":[],"class_list":["post-1204","post","type-post","status-publish","format-standard","hentry","category-arbeidsplanar"],"_links":{"self":[{"href":"https:\/\/www.historielaget.jostedal.no\/index.php?rest_route=\/wp\/v2\/posts\/1204","targetHints":{"allow":["GET"]}}],"collection":[{"href":"https:\/\/www.historielaget.jostedal.no\/index.php?rest_route=\/wp\/v2\/posts"}],"about":[{"href":"https:\/\/www.historielaget.jostedal.no\/index.php?rest_route=\/wp\/v2\/types\/post"}],"author":[{"embeddable":true,"href":"https:\/\/www.historielaget.jostedal.no\/index.php?rest_route=\/wp\/v2\/users\/2"}],"replies":[{"embeddable":true,"href":"https:\/\/www.historielaget.jostedal.no\/index.php?rest_route=%2Fwp%2Fv2%2Fcomments&post=1204"}],"version-history":[{"count":3,"href":"https:\/\/www.historielaget.jostedal.no\/index.php?rest_route=\/wp\/v2\/posts\/1204\/revisions"}],"predecessor-version":[{"id":1740,"href":"https:\/\/www.historielaget.jostedal.no\/index.php?rest_route=\/wp\/v2\/posts\/1204\/revisions\/1740"}],"wp:attachment":[{"href":"https:\/\/www.historielaget.jostedal.no\/index.php?rest_route=%2Fwp%2Fv2%2Fmedia&parent=1204"}],"wp:term":[{"taxonomy":"category","embeddable":true,"href":"https:\/\/www.historielaget.jostedal.no\/index.php?rest_route=%2Fwp%2Fv2%2Fcategories&post=1204"},{"taxonomy":"post_tag","embeddable":true,"href":"https:\/\/www.historielaget.jostedal.no\/index.php?rest_route=%2Fwp%2Fv2%2Ftags&post=1204"}],"curies":[{"name":"wp","href":"https:\/\/api.w.org\/{rel}","templated":true}]}}