{"id":1222,"date":"2010-06-21T08:55:09","date_gmt":"2010-06-21T06:55:09","guid":{"rendered":"http:\/\/www.historielaget.jostedal.no\/?p=1222"},"modified":"2010-07-06T00:18:59","modified_gmt":"2010-07-05T22:18:59","slug":"nye-registreringar-i-kyrkja","status":"publish","type":"post","link":"https:\/\/www.historielaget.jostedal.no\/?p=1222","title":{"rendered":"Nye registreringar i kyrkja"},"content":{"rendered":"<p><a href=\"http:\/\/www.historielaget.jostedal.no\/wordpress\/wp-content\/upLoads\/2010-06-17_0003.jpg\"><img loading=\"lazy\" decoding=\"async\" class=\"size-medium wp-image-1251 alignleft\" title=\"Kyrkjegranskarar i arbeid 17. juni: Ingebj\u00f8rg \u00d8veraasen, Ola Storsletten, Anne Marta Hoff og Elisabeth Andersen\" src=\"http:\/\/www.historielaget.jostedal.no\/wordpress\/wp-content\/upLoads\/2010-06-17_0003-300x225.jpg\" alt=\"Kyrkjegranskarar i arbeid 17. juni: Ingebj\u00f8rg \u00d8veraasen, Ola Storsletten, Anne Marta Hoff og Elisabeth Andersen\" width=\"300\" height=\"225\" srcset=\"https:\/\/www.historielaget.jostedal.no\/wordpress\/wp-content\/upLoads\/2010-06-17_0003-300x225.jpg 300w, https:\/\/www.historielaget.jostedal.no\/wordpress\/wp-content\/upLoads\/2010-06-17_0003-150x112.jpg 150w, https:\/\/www.historielaget.jostedal.no\/wordpress\/wp-content\/upLoads\/2010-06-17_0003-1024x770.jpg 1024w\" sizes=\"auto, (max-width: 300px) 100vw, 300px\" \/><\/a><\/p>\n<p>Torsdag 17. juni hadde kyrkja igjen vitjing av bygningsekspertar. Denne gongen var det Ola Storsletten fr\u00e5 Norsk institutt for kulturminneforsking, som arbeider for Stavkyrkjeprogrammet til Riksantikvaren. Han hadde med seg Ingebj\u00f8rg \u00d8veraasen.\u00a0Anne Marta Hoff og Elisabeth Andersen fr\u00e5 NIKU var \u00f2g med. F\u00f8rem\u00e5let var dels \u00e5 halde fram med registreringa av eldre bygningsdelar i kyrkja, og dels \u00e5 sj\u00e5 om det var mogleg \u00e5 ta \u00e5ringspr\u00f8ver (dendrokronologiske pr\u00f8ver) for \u00e5 datere dei eldre delane. Konklusjonane skal f\u00e5 vente til fagfolk har handsama materialet, men det kan kort nemnast at funna fr\u00e5 i fjor vart utdjupa og styrkte: Det er brukt ei rad bygningsdelar fr\u00e5 eit eldre bygg i kyrkja. Det er likevel vanskeleg \u00e5 sl\u00e5 sikkert fast om desse delane kjem fr\u00e5 ei stavkyrkje, og difor var det heller ikkje grunnlag for \u00e5 ta \u00e5rringspr\u00f8ver i denne omgangen.<\/p>\n<p><a href=\"http:\/\/www.historielaget.jostedal.no\/?page_id=739\">Les \u00f2g om granskingane i 2009<\/a><\/p>\n","protected":false},"excerpt":{"rendered":"<p>Torsdag 17. juni hadde kyrkja igjen vitjing av bygningsekspertar. Denne gongen var det Ola Storsletten fr\u00e5 Norsk institutt for kulturminneforsking, som arbeider for Stavkyrkjeprogrammet til Riksantikvaren. Han hadde med seg Ingebj\u00f8rg \u00d8veraasen.\u00a0Anne Marta Hoff og Elisabeth Andersen fr\u00e5 NIKU var \u00f2g med. F\u00f8rem\u00e5let var dels \u00e5 halde fram med registreringa av eldre bygningsdelar i kyrkja, [&hellip;]<\/p>\n","protected":false},"author":2,"featured_media":0,"comment_status":"open","ping_status":"open","sticky":false,"template":"","format":"standard","meta":{"ngg_post_thumbnail":0,"footnotes":""},"categories":[17],"tags":[],"class_list":["post-1222","post","type-post","status-publish","format-standard","hentry","category-kyrkjehistorie"],"_links":{"self":[{"href":"https:\/\/www.historielaget.jostedal.no\/index.php?rest_route=\/wp\/v2\/posts\/1222","targetHints":{"allow":["GET"]}}],"collection":[{"href":"https:\/\/www.historielaget.jostedal.no\/index.php?rest_route=\/wp\/v2\/posts"}],"about":[{"href":"https:\/\/www.historielaget.jostedal.no\/index.php?rest_route=\/wp\/v2\/types\/post"}],"author":[{"embeddable":true,"href":"https:\/\/www.historielaget.jostedal.no\/index.php?rest_route=\/wp\/v2\/users\/2"}],"replies":[{"embeddable":true,"href":"https:\/\/www.historielaget.jostedal.no\/index.php?rest_route=%2Fwp%2Fv2%2Fcomments&post=1222"}],"version-history":[{"count":4,"href":"https:\/\/www.historielaget.jostedal.no\/index.php?rest_route=\/wp\/v2\/posts\/1222\/revisions"}],"predecessor-version":[{"id":1252,"href":"https:\/\/www.historielaget.jostedal.no\/index.php?rest_route=\/wp\/v2\/posts\/1222\/revisions\/1252"}],"wp:attachment":[{"href":"https:\/\/www.historielaget.jostedal.no\/index.php?rest_route=%2Fwp%2Fv2%2Fmedia&parent=1222"}],"wp:term":[{"taxonomy":"category","embeddable":true,"href":"https:\/\/www.historielaget.jostedal.no\/index.php?rest_route=%2Fwp%2Fv2%2Fcategories&post=1222"},{"taxonomy":"post_tag","embeddable":true,"href":"https:\/\/www.historielaget.jostedal.no\/index.php?rest_route=%2Fwp%2Fv2%2Ftags&post=1222"}],"curies":[{"name":"wp","href":"https:\/\/api.w.org\/{rel}","templated":true}]}}