{"id":1336,"date":"2010-07-16T20:22:52","date_gmt":"2010-07-16T18:22:52","guid":{"rendered":"http:\/\/www.historielaget.jostedal.no\/?p=1336"},"modified":"2010-07-16T20:28:06","modified_gmt":"2010-07-16T18:28:06","slug":"rapport-om-gjenbrukte-materialar-i-kyrkja","status":"publish","type":"post","link":"https:\/\/www.historielaget.jostedal.no\/?p=1336","title":{"rendered":"Rapport om gjenbrukte materialar i kyrkja"},"content":{"rendered":"<p><a href=\"http:\/\/www.historielaget.jostedal.no\/wordpress\/wp-content\/upLoads\/storsletten-framside.jpg\"><img loading=\"lazy\" decoding=\"async\" class=\"alignleft size-thumbnail wp-image-1338\" title=\"Framside - Gjenanvendte bygningsdeler i Jostedalen kirke?\" src=\"http:\/\/www.historielaget.jostedal.no\/wordpress\/wp-content\/upLoads\/storsletten-framside-150x212.jpg\" alt=\"Framside - Gjenanvendte bygningsdeler i Jostedalen kirke?\" width=\"150\" height=\"212\" srcset=\"https:\/\/www.historielaget.jostedal.no\/wordpress\/wp-content\/upLoads\/storsletten-framside-150x212.jpg 150w, https:\/\/www.historielaget.jostedal.no\/wordpress\/wp-content\/upLoads\/storsletten-framside-300x424.jpg 300w, https:\/\/www.historielaget.jostedal.no\/wordpress\/wp-content\/upLoads\/storsletten-framside-724x1024.jpg 724w, https:\/\/www.historielaget.jostedal.no\/wordpress\/wp-content\/upLoads\/storsletten-framside.jpg 1654w\" sizes=\"auto, (max-width: 150px) 100vw, 150px\" \/><\/a>Rapporten fr\u00e5 den siste granskinga av kyrkjebygningen er no komen, skriven av Ola Storsletten som var p\u00e5 <a href=\"http:\/\/www.historielaget.jostedal.no\/?p=1222\">synfaring i kyrkja 17. juni<\/a>. Eit viktig f\u00f8rem\u00e5l med granskinga var \u00e5 finne ut om det er gjenbrukte delar fr\u00e5 ei tidlegare stavkyrkje som det er mogleg \u00e5 f\u00e5 datert dendrokronologisk (\u00e5rringsdatering). Storsletten har ikkje funne delar som utvitydig er fr\u00e5 mellomalderen, og som har barkkant, noko som er naudsynt for \u00e5 datere \u00e5ret stokken vart hogd.<\/p>\n<p>Derimot samsvarar rapporten med det Anne Marta Hoff la fram under f\u00f8redraget i kykja 26. juni: At store delar av koret (bortsett fr\u00e5 tre omfar) m\u00e5 ha h\u00f8yrt til kyrkja som stod fram til 1660.\u00a0koret har alts\u00e5 truleg vorte bygt om lag slik det st\u00e5r i dag inntil\u00a0den tidlegare kyrkja. Det\u00a0gjer det s\u00e6rs interessant \u00e5 pr\u00f8ve \u00e5 f\u00e5 ei datering av stokkane i koret. Byggje\u00e5ret for koret vil vere eit s\u00e6rs viktig tilskot til bygningshistoria for kyrkja.<\/p>\n<p><a href=\"http:\/\/www.historielaget.jostedal.no\/wordpress\/http:\/\/www.historielaget.jostedal.no\/public_html\/\/pdf.gif\"><\/a><a href=\"http:\/\/www.historielaget.jostedal.no\/wordpress\/http:\/\/www.historielaget.jostedal.no\/public_html\/\/pdf.gif\"><img loading=\"lazy\" decoding=\"async\" class=\"alignleft size-full wp-image-204\" title=\"pdf\" src=\"http:\/\/www.historielaget.jostedal.no\/wordpress\/http:\/\/www.historielaget.jostedal.no\/public_html\/\/pdf.gif\" alt=\"pdf\" width=\"16\" height=\"16\" \/><\/a>Les rapporten: <a href=\"http:\/\/www.historielaget.jostedal.no\/wordpress\/wp-content\/upLoads\/storsletten-2010.pdf\">Ola Storsletten: Gjenanvendte bygningsdeler i Jostedalen kirke? NIKU oppdragsrapport 140\/2010<\/a><\/p>\n","protected":false},"excerpt":{"rendered":"<p>Rapporten fr\u00e5 den siste granskinga av kyrkjebygningen er no komen, skriven av Ola Storsletten som var p\u00e5 synfaring i kyrkja 17. juni. Eit viktig f\u00f8rem\u00e5l med granskinga var \u00e5 finne ut om det er gjenbrukte delar fr\u00e5 ei tidlegare stavkyrkje som det er mogleg \u00e5 f\u00e5 datert dendrokronologisk (\u00e5rringsdatering). Storsletten har ikkje funne delar som [&hellip;]<\/p>\n","protected":false},"author":2,"featured_media":0,"comment_status":"open","ping_status":"open","sticky":false,"template":"","format":"standard","meta":{"ngg_post_thumbnail":0,"footnotes":""},"categories":[17],"tags":[],"class_list":["post-1336","post","type-post","status-publish","format-standard","hentry","category-kyrkjehistorie"],"_links":{"self":[{"href":"https:\/\/www.historielaget.jostedal.no\/index.php?rest_route=\/wp\/v2\/posts\/1336","targetHints":{"allow":["GET"]}}],"collection":[{"href":"https:\/\/www.historielaget.jostedal.no\/index.php?rest_route=\/wp\/v2\/posts"}],"about":[{"href":"https:\/\/www.historielaget.jostedal.no\/index.php?rest_route=\/wp\/v2\/types\/post"}],"author":[{"embeddable":true,"href":"https:\/\/www.historielaget.jostedal.no\/index.php?rest_route=\/wp\/v2\/users\/2"}],"replies":[{"embeddable":true,"href":"https:\/\/www.historielaget.jostedal.no\/index.php?rest_route=%2Fwp%2Fv2%2Fcomments&post=1336"}],"version-history":[{"count":5,"href":"https:\/\/www.historielaget.jostedal.no\/index.php?rest_route=\/wp\/v2\/posts\/1336\/revisions"}],"predecessor-version":[{"id":1342,"href":"https:\/\/www.historielaget.jostedal.no\/index.php?rest_route=\/wp\/v2\/posts\/1336\/revisions\/1342"}],"wp:attachment":[{"href":"https:\/\/www.historielaget.jostedal.no\/index.php?rest_route=%2Fwp%2Fv2%2Fmedia&parent=1336"}],"wp:term":[{"taxonomy":"category","embeddable":true,"href":"https:\/\/www.historielaget.jostedal.no\/index.php?rest_route=%2Fwp%2Fv2%2Fcategories&post=1336"},{"taxonomy":"post_tag","embeddable":true,"href":"https:\/\/www.historielaget.jostedal.no\/index.php?rest_route=%2Fwp%2Fv2%2Ftags&post=1336"}],"curies":[{"name":"wp","href":"https:\/\/api.w.org\/{rel}","templated":true}]}}