{"id":16,"date":"2007-03-19T21:24:13","date_gmt":"2007-03-19T19:24:13","guid":{"rendered":"http:\/\/www.historielaget.jostedal.no\/?p=16"},"modified":"2011-05-27T14:42:45","modified_gmt":"2011-05-27T12:42:45","slug":"arsmelding-2006-for-jostedal-historielag","status":"publish","type":"post","link":"https:\/\/www.historielaget.jostedal.no\/?p=16","title":{"rendered":"\u00c5rsmelding 2006 for Jostedal historielag"},"content":{"rendered":"<p>Godkjend p\u00e5 \u00e5rsm\u00f8tet 18.3.2007.<!--more--><\/p>\n<p><strong>Styret<br \/>\n<\/strong>Styre etter \u00e5rsm\u00f8tet 16.3.2006 har vore som f\u00f8r:<br \/>\nLeiar: Aud Foss\u00f8y<br \/>\nKasserar: Einar Blikra<br \/>\nSekret\u00e6r: Oddmund L. Hoel<br \/>\nStyremedlem: Olav St\u00f8len<br \/>\nStyremedlem: Lars Neset<br \/>\nVaramedlemer: Liv Espe og Harald Haugen<\/p>\n<p>Det har vore to styrem\u00f8te.<\/p>\n<p>Valnemnd: Kristen Ormberg og \u00c5ne Elgersma<br \/>\nRevisor: Gunnar Ruud (vara: Halldor Sperle)<br \/>\nAnsvarlege for Berget: Liv Espe, Lars Neset og Harald Haugen<br \/>\nAnsvarleg for kvernhuset: Alfred Tuften<br \/>\nAnsvarleg for skulehuset: \u00c5ne Elgersma<br \/>\nBoknemnd: Sigbj\u00f8rg Sperle og Peder Kj\u00e6rvik<\/p>\n<p><strong>Stadnamnprosjektet<\/strong><br \/>\nAnn Kristin Sperle vart engasjert i januar 2006 for \u00e5 fullf\u00f8re arbeidet med stadnamninnsamlinga i bygda. Ho samordnar og kontrollerer namnesamlingane, skriv dei inn p\u00e5 data, kartfestar namna og f\u00e5r lese inn uttale. Dette arbeidet vil vere ferdig i l\u00f8pet av v\u00e5ren 2007. Deretter vil Fylkesarkivet leggje det inn i namnebasen sin p\u00e5 Internett. Prosjektet fekk eit stort oppslag i Sogn Avis 26.2.2007 og fyldig omtale av Ann Kristin i JSA 2006.<\/p>\n<p><strong>Arkeologiprosjektet<\/strong><br \/>\nI 2006 var dei to masteroppg\u00e5vene ferdige, Anne Mette Haugen om &laquo;Veier og kommunikasjon i Jostedalen&raquo; og Ann Katrine Sivertsen om &laquo;Jordbruks- og busetnadsutvikling i Jostedalen. Med utgangspunkt i punktunders\u00f8kingar i innmarka p\u00e5 gardane Nedrelid og Kruna&raquo;. Det er s\u00e5 langt grave kring 40 sjakter og datert 28 kolpr\u00f8ver. Det er aktuelt \u00e5 f\u00f8lgje opp prosjektet med \u00e5 analysere fleire av dei pr\u00f8vene som alt er tekne (datering og pollenanalyse), grave nokre fleire sjakter og syte for ei brei formidling av resultata.<\/p>\n<p><strong>Gamle fangstanlegg i fjellet<br \/>\n<\/strong>P\u00e5 \u00e5rsm\u00f8tet i mars 2006 fortalde Sverre Fossen og Einar Ese om arbeidet dei har gjort med \u00e5 finne att og registrere gamle fangstanlegg i fjellet (dyregraver, bogastille m.m.). Tre kart med registreringane deira er lagde ut p\u00e5 Internett, og historielaget vil hjelpe til med \u00e5 gjere stoffet kjent.<\/p>\n<p><strong>Gamle klede<\/strong><br \/>\nBunadskleda fr\u00e5 Kruna og barne- og kvinnekleda som Alfred Horpen let etter seg, kom p\u00e5 plass i nye montrar p\u00e5 Breheimsenteret vinteren 2006. Seinare er det kj\u00f8pt to utstillingsdokkar, og utstillinga er forbetra. Det st\u00e5r att \u00e5 skrive tekstar til utstillinga.<\/p>\n<p><strong>\u201dGl\u00f8r i grua\u201d av Lars St\u00f8len<\/strong><br \/>\nLars St\u00f8len gav i 2006 ut dikt- og songsamlinga \u201dGl\u00f8r i grua\u201d sj\u00f8lv i eit lite opplag. Hausten 2006 gjekk historielaget, Jostedal spel- og dansarlag og Luster m\u00e5llag saman om \u00e5 hjelpe til med ei utgjeving i st\u00f8rre opplag. Boka vart lansert p\u00e5 ein \u2019Lars St\u00f8len-kveld\u2019 med godt framm\u00f8te p\u00e5 Jostedal hotell 19. november. Spel- og dansarlaget stod for programmet, og Olav St\u00f8len tala om bror sin.<\/p>\n<p><strong>Berget og kvernhuset<\/strong><br \/>\nDet er gjort noko mindre vedlikehaldsarbeid p\u00e5 stovehuset i Berget og kvernhuset p\u00e5 Nigardsgrandane.<\/p>\n<p><strong>Internettsider<\/strong><br \/>\nHistorielaget har hatt eigen nettstad p\u00e5 Internett sidan november 2003. Her ligg det no mykje stoff om soga til dalen og aktiviteten til historielaget. Adressa er <a href=\"http:\/\/www.historielaget.jostedal.no\/\">http:\/\/www.historielaget.jostedal.no<\/a>.<\/p>\n","protected":false},"excerpt":{"rendered":"<p>Godkjend p\u00e5 \u00e5rsm\u00f8tet 18.3.2007.<\/p>\n","protected":false},"author":2,"featured_media":0,"comment_status":"open","ping_status":"open","sticky":false,"template":"","format":"standard","meta":{"ngg_post_thumbnail":0,"footnotes":""},"categories":[10],"tags":[],"class_list":["post-16","post","type-post","status-publish","format-standard","hentry","category-arsmeldingar"],"_links":{"self":[{"href":"https:\/\/www.historielaget.jostedal.no\/index.php?rest_route=\/wp\/v2\/posts\/16","targetHints":{"allow":["GET"]}}],"collection":[{"href":"https:\/\/www.historielaget.jostedal.no\/index.php?rest_route=\/wp\/v2\/posts"}],"about":[{"href":"https:\/\/www.historielaget.jostedal.no\/index.php?rest_route=\/wp\/v2\/types\/post"}],"author":[{"embeddable":true,"href":"https:\/\/www.historielaget.jostedal.no\/index.php?rest_route=\/wp\/v2\/users\/2"}],"replies":[{"embeddable":true,"href":"https:\/\/www.historielaget.jostedal.no\/index.php?rest_route=%2Fwp%2Fv2%2Fcomments&post=16"}],"version-history":[{"count":1,"href":"https:\/\/www.historielaget.jostedal.no\/index.php?rest_route=\/wp\/v2\/posts\/16\/revisions"}],"predecessor-version":[{"id":1754,"href":"https:\/\/www.historielaget.jostedal.no\/index.php?rest_route=\/wp\/v2\/posts\/16\/revisions\/1754"}],"wp:attachment":[{"href":"https:\/\/www.historielaget.jostedal.no\/index.php?rest_route=%2Fwp%2Fv2%2Fmedia&parent=16"}],"wp:term":[{"taxonomy":"category","embeddable":true,"href":"https:\/\/www.historielaget.jostedal.no\/index.php?rest_route=%2Fwp%2Fv2%2Fcategories&post=16"},{"taxonomy":"post_tag","embeddable":true,"href":"https:\/\/www.historielaget.jostedal.no\/index.php?rest_route=%2Fwp%2Fv2%2Ftags&post=16"}],"curies":[{"name":"wp","href":"https:\/\/api.w.org\/{rel}","templated":true}]}}