{"id":168,"date":"2008-03-13T22:59:04","date_gmt":"2008-03-13T20:59:04","guid":{"rendered":"http:\/\/www.historielaget.jostedal.no\/?p=168"},"modified":"2011-05-27T14:42:30","modified_gmt":"2011-05-27T12:42:30","slug":"arsmelding-2008-for-jostedal-historielag","status":"publish","type":"post","link":"https:\/\/www.historielaget.jostedal.no\/?p=168","title":{"rendered":"\u00c5rsmelding 2007 for Jostedal historielag"},"content":{"rendered":"<p>Godkjend p\u00e5 \u00e5rsm\u00f8tet 12. mars 2008.<!--more--><\/p>\n<p><strong>Styret og nemnder<\/strong><br \/>\nLeiar: Aud Foss\u00f8y<br \/>\nKasserar: Einar Blikra<br \/>\nSekret\u00e6r: Oddmund L. Hoel\u00a0<br \/>\nStyremedlem: Lars Neset<br \/>\nStyremedlem: Olav St\u00f8len<br \/>\nVaramedlemer: Liv Espe og Harald Haugen<\/p>\n<p>Valnemnd: Kristen Ormberg og \u00c5ne Elgersma\u00a0<br \/>\nRevisor: Gunnar Ruud<br \/>\nAnsvarleg for Berget: Liv Espe, Lars Neset og Harald Haugen<br \/>\nAnsvar for Kvernhuset: Alfred Tuften<br \/>\nAnsvar for skulehuset: \u00c5ne Elgersma<br \/>\nBoknemnd: Sigbj\u00f8rg Sperle og Peder Kj\u00e6rvik<\/p>\n<p>De har vore\u00a0halde 2 styrem\u00f8te.<\/p>\n<p><strong>Stadnamnprosjektet<\/strong><br \/>\nStyret er n\u00f8gd med at me snart er ferdige med stadnamnprosjektet. Ann Kristin Sperle som har kalla inn informantane og registrert alt p\u00e5 data, har framleis att noko arbeid. Det syner seg at Fylkesarkivet ikkje har kome i gang med \u00e5 legge namna p\u00e5 Internet. Det er god von om at namna blir gjort tilgjengeleg til sommaren. Luster kommune og Jostedal Bygdalag har st\u00f8tta prosjektet \u00f8konomisk.<br \/>\nI resten av kommunen \u00f8nskjer dei no \u00e5 bruke same arbeidsmalen som i Jostedalen. Det er difor sett i gang ein storstila pengeinnsamling retta mot lokalt n\u00e6ringsliv og andre for \u00e5 skaffe midlar til prosjektl\u00f8n.<\/p>\n<p><strong>Fangstanlegg<\/strong><br \/>\nSverre Fossen har laga fyrste utkast til eit hefte om reinstrekk, bogastille, dyregraver, herbyrge, fangsttradisjonar og meir i fjellomr\u00e5da v\u00e5re. Han har arbeidd godt med stoffet, men han manglar nokre fotografi som han vil ordne i sommar. Einar Ese skal l\u00e5ne ut nokre bilete. Eit av m\u00e5la til Sverre med\u00a0dette arbeidet er \u00e5 f\u00e5 reetablert ein villreinstamme. Jostedal Historielag \u00f8nskjer \u00e5 ta utgiftene med trykking og distribusjon av heftet.<\/p>\n<p><strong>Berget<\/strong><br \/>\nStyret har vore i dr\u00f8ftingar med Lidvar Helleb\u00f8 om kj\u00f8p, men dette er han ikkje interessert i.\u00a0 Leigeavtalen g\u00e5r ut i 2028. K\u00e5re Reidar Aasen og gode hjelparar har moka sn\u00f8 av taka p\u00e5 stabburet og fj\u00f8set i vinter.<\/p>\n<p><strong>Kvernhuset<\/strong><br \/>\nTaket er no ordna og det st\u00e5r att \u00e5 tj\u00f8rebreie dei nye vindskeiene. Slik styret ser det er Kvernhuset no i god stand. Kommunen har gjeve tilskot til utbetringa.<\/p>\n<p><strong>Jostedalskartet<\/strong><br \/>\n\u00c5ne har gjort eit stort grunnarbeid, men \u00f8nskjer hjelp til \u00e5 bli ferdig. Bj\u00f8rn Inge Fossen er viljug til \u00e5 gjere ein jobb med kartet.<\/p>\n<p><strong>Arkeologiprosjektet<\/strong><br \/>\nAnn Katrine Sivertsen og Anne Mette Haugen presenterte resultata fr\u00e5 granskingane sine p\u00e5 \u00e5rsm\u00f8tet 2007. Pressedekninga var god, og utdrag fr\u00e5 masteroppg\u00e5vene stod \u00f2g i JSA. I 2007 vart dessutan resten av kolpr\u00f8vene vaska og gjort klare for \u00e5 bli sende til laboratoriet for datering.\u00a0<\/p>\n<p><strong>Eigen nettstad<\/strong><br \/>\nJostedal Historielag har eiga heimeside med redakt\u00f8r Oddmund L. Hoel. Adressa er:\u00a0 <a href=\"http:\/\/www.historielaget.jostedal.no\/\">http:\/\/www.historielaget.jostedal.no<\/a>.<\/p>\n","protected":false},"excerpt":{"rendered":"<p>Godkjend p\u00e5 \u00e5rsm\u00f8tet 12. mars 2008.<\/p>\n","protected":false},"author":2,"featured_media":0,"comment_status":"open","ping_status":"closed","sticky":false,"template":"","format":"standard","meta":{"ngg_post_thumbnail":0,"footnotes":""},"categories":[10],"tags":[],"class_list":["post-168","post","type-post","status-publish","format-standard","hentry","category-arsmeldingar"],"_links":{"self":[{"href":"https:\/\/www.historielaget.jostedal.no\/index.php?rest_route=\/wp\/v2\/posts\/168","targetHints":{"allow":["GET"]}}],"collection":[{"href":"https:\/\/www.historielaget.jostedal.no\/index.php?rest_route=\/wp\/v2\/posts"}],"about":[{"href":"https:\/\/www.historielaget.jostedal.no\/index.php?rest_route=\/wp\/v2\/types\/post"}],"author":[{"embeddable":true,"href":"https:\/\/www.historielaget.jostedal.no\/index.php?rest_route=\/wp\/v2\/users\/2"}],"replies":[{"embeddable":true,"href":"https:\/\/www.historielaget.jostedal.no\/index.php?rest_route=%2Fwp%2Fv2%2Fcomments&post=168"}],"version-history":[{"count":1,"href":"https:\/\/www.historielaget.jostedal.no\/index.php?rest_route=\/wp\/v2\/posts\/168\/revisions"}],"predecessor-version":[{"id":1753,"href":"https:\/\/www.historielaget.jostedal.no\/index.php?rest_route=\/wp\/v2\/posts\/168\/revisions\/1753"}],"wp:attachment":[{"href":"https:\/\/www.historielaget.jostedal.no\/index.php?rest_route=%2Fwp%2Fv2%2Fmedia&parent=168"}],"wp:term":[{"taxonomy":"category","embeddable":true,"href":"https:\/\/www.historielaget.jostedal.no\/index.php?rest_route=%2Fwp%2Fv2%2Fcategories&post=168"},{"taxonomy":"post_tag","embeddable":true,"href":"https:\/\/www.historielaget.jostedal.no\/index.php?rest_route=%2Fwp%2Fv2%2Ftags&post=168"}],"curies":[{"name":"wp","href":"https:\/\/api.w.org\/{rel}","templated":true}]}}