{"id":169,"date":"2008-03-13T23:05:24","date_gmt":"2008-03-13T21:05:24","guid":{"rendered":"http:\/\/www.historielaget.jostedal.no\/?p=169"},"modified":"2015-03-19T09:44:16","modified_gmt":"2015-03-19T07:44:16","slug":"arbeidsplan-2008","status":"publish","type":"post","link":"https:\/\/www.historielaget.jostedal.no\/?p=169","title":{"rendered":"Arbeidsplan for 2008"},"content":{"rendered":"<p>Vedteke p\u00e5 \u00e5rsm\u00f8tet 12. mars 2008.<!--more--><\/p>\n<p>Vedlikehald av den merka vegen mellom Espe og Elvekrok. Det m\u00e5 lagast nye informasjonstavler. Historielaget \u00f8nskjer \u00e5 samarbeide med Jostedal skule og bygdalaget.<\/p>\n<p>Bygningane me r\u00e5r over m\u00e5 vedlikehaldast. Me lyt vurdere \u00e5 rydde kratt rundt Kvernhuset. Taka i Berget m\u00e5 sj\u00e5ast over.<\/p>\n<p>Marknaden i sommar: Me vil sp\u00f8rje om ungdomslaget er interessert i ei utstilling av kunst og trearbeid av mellom anna Sjur Hesjevoll.<br \/>\nI tillegg vil me gjerne presentere stadnamnprosjektet viss Fylkesarkivet er klar med sine registreringar. D\u00e5 er det mykje folk samla og me har hatt stort hell med liknande tiltak tidlegare (utstilling av gamle fangstreiskap, scanning av gamle fotografi, framsyning av gamle filmsnuttar fr\u00e5 Jostedalen). Det er \u00f2g aktuelt \u00e5 ta med nytt fr\u00e5 arkeologiprosjektet p\u00e5 marknaden.<\/p>\n<p>Stadnamnprosjektet held fram.<\/p>\n<p>Anna aktivitet som medlemane \u00f8nskjer \u00e5 setje i gang.<\/p>\n","protected":false},"excerpt":{"rendered":"<p>Vedteke p\u00e5 \u00e5rsm\u00f8tet 12. mars 2008.<\/p>\n","protected":false},"author":2,"featured_media":0,"comment_status":"open","ping_status":"closed","sticky":false,"template":"","format":"standard","meta":{"ngg_post_thumbnail":0,"footnotes":""},"categories":[18],"tags":[],"class_list":["post-169","post","type-post","status-publish","format-standard","hentry","category-arbeidsplanar"],"_links":{"self":[{"href":"https:\/\/www.historielaget.jostedal.no\/index.php?rest_route=\/wp\/v2\/posts\/169","targetHints":{"allow":["GET"]}}],"collection":[{"href":"https:\/\/www.historielaget.jostedal.no\/index.php?rest_route=\/wp\/v2\/posts"}],"about":[{"href":"https:\/\/www.historielaget.jostedal.no\/index.php?rest_route=\/wp\/v2\/types\/post"}],"author":[{"embeddable":true,"href":"https:\/\/www.historielaget.jostedal.no\/index.php?rest_route=\/wp\/v2\/users\/2"}],"replies":[{"embeddable":true,"href":"https:\/\/www.historielaget.jostedal.no\/index.php?rest_route=%2Fwp%2Fv2%2Fcomments&post=169"}],"version-history":[{"count":3,"href":"https:\/\/www.historielaget.jostedal.no\/index.php?rest_route=\/wp\/v2\/posts\/169\/revisions"}],"predecessor-version":[{"id":3200,"href":"https:\/\/www.historielaget.jostedal.no\/index.php?rest_route=\/wp\/v2\/posts\/169\/revisions\/3200"}],"wp:attachment":[{"href":"https:\/\/www.historielaget.jostedal.no\/index.php?rest_route=%2Fwp%2Fv2%2Fmedia&parent=169"}],"wp:term":[{"taxonomy":"category","embeddable":true,"href":"https:\/\/www.historielaget.jostedal.no\/index.php?rest_route=%2Fwp%2Fv2%2Fcategories&post=169"},{"taxonomy":"post_tag","embeddable":true,"href":"https:\/\/www.historielaget.jostedal.no\/index.php?rest_route=%2Fwp%2Fv2%2Ftags&post=169"}],"curies":[{"name":"wp","href":"https:\/\/api.w.org\/{rel}","templated":true}]}}