{"id":1746,"date":"2011-05-27T13:30:41","date_gmt":"2011-05-27T11:30:41","guid":{"rendered":"http:\/\/www.historielaget.jostedal.no\/?p=1746"},"modified":"2011-05-27T14:38:57","modified_gmt":"2011-05-27T12:38:57","slug":"arsmelding-2010-for-jostedal-historielag","status":"publish","type":"post","link":"https:\/\/www.historielaget.jostedal.no\/?p=1746","title":{"rendered":"\u00c5rsmelding 2010 for Jostedal historielag"},"content":{"rendered":"<p>Godkjend p\u00e5 \u00e5rsm\u00f8tet 3. mars 2011<!--more--><\/p>\n<p><strong>Styret og nemnder:<\/strong><br \/>\nLeiar: Olav St\u00f8len<br \/>\nKasserar: Aud Foss\u00f8y<br \/>\nSekret\u00e6r: Oddmund L. Hoel<br \/>\nStyremedlem: Lars Neset<br \/>\nStyremedlem: Einar Blikra<br \/>\nVaramedlemer: Liv Espe og Harald Haugen<\/p>\n<p>Valnemnd: Kristen Ormberg og \u00c5ne Elgersma<br \/>\nRevisor: Gunnar Ruud<br \/>\nTilsyn med Berget: Liv Espe, Lars Neset og Harald Haugen<br \/>\nTilsyn med Kvernhuset: Alfred Tuften<br \/>\nTilsyn med Skulehuset: \u00c5ne Elgersma<br \/>\nBoknemnd: Sigbj\u00f8rg Sperle og Peder Kj\u00e6rvik<\/p>\n<p>\u00c5rsm\u00f8te vart halde den 10. mars 2010.<\/p>\n<p><strong>Medlemer<br \/>\n<\/strong>Det er god oppslutning til Laget, og til og med stigning i medlemstalet, slik at me i dag er oppe p\u00e5 46 medlemer.<\/p>\n<p><strong>St\u00f8nad <\/strong><br \/>\nLaget har f\u00e5tt st\u00f8tte fr\u00e5 Luster Sparebank (10.000 kr) og fr\u00e5 Luster kommune (13.500 kr).<\/p>\n<p><strong>Bilete fr\u00e5 utstilling av kunst etter Sjur Hesjevoll<br \/>\n<\/strong>Bilete av kunst som vart tekne under utstillinga den 18.-19. juli i 2009 er snart lagde ut p\u00e5 nettet og kan finnast p\u00e5 historielaget.jostedal.no.<\/p>\n<p><strong>Stadnamnprosjektet<br \/>\n<\/strong>Det er stadig ein del &laquo;finpussing&raquo; p\u00e5 det store materialet av stadnamn. Mellom anna manglar vi \u00e5 kartfeste ein del namn og likeeins \u00e5 tale inn dei lokale namna p\u00e5 band. Frank Optun Smedeg\u00e5rd er engasjert for \u00e5 fullf\u00f8re arbeidet.<\/p>\n<p><strong>Jostedalskartet<br \/>\n<\/strong>Av forskjellige \u00e5rsaker vart arbeidet ikkje ferdig i \u00e5r, og prosjektet held fram i 2011.<\/p>\n<p><strong>FN-dagen<br \/>\n<\/strong>Saman med Jostedal Helselag og Folkeakademiet i Luster markerte me FN-dagen den 24. oktober. Tilstellinga vart halden i Samfunnshuset. Det vart ei fin markering med god lokal mat og smakspr\u00f8ver p\u00e5 rettar fr\u00e5 fleire land. Olav St\u00f8len fortalde om matsituasjonen i verdi i dag, og viste bilete om plantedyrking og viktige matplantar rundt om i verdi.<\/p>\n<p><strong>Arkeologiprosjektet<br \/>\n<\/strong>Det st\u00e5r att \u00e5 analysere ein del jordpr\u00f8ver som vart tekne. Dette vil danne eit breiare grunnlag for dei konklusjonane som alt er trekte.<\/p>\n<p><strong>Bygningar<\/strong><br \/>\n<em>Kverni:<\/em> Etter fleire synfaringar er me no einige om korleis lukene, for \u00e5 sikre vassf\u00f8ringi til kverni, skal byggjast, og me har kj\u00f8pt inn og f\u00e5tt p\u00e5 plass materialar. Arbeidet kan s\u00e5leis starte s\u00e5 snart telen er or jordi og f\u00f8r vassf\u00f8ringi i Nigardselvi vert for stor.<br \/>\n<em>Husi i Berget:<\/em> Det har vore fleire tilsyn med husi og ein st\u00f8rre oppryddingsdugnad og vasking i stovehuset. Det har vori lite usikkerheit om muren i syd-veggen p\u00e5 fj\u00f8sen har sigi og derfor hadde me fagfolk, K\u00e5re Reidar Aasen og Arne Leirdal, framme for \u00e5 sj\u00e5 p\u00e5 den. Dei konkluderte med at muren ikkje har forandra seg.<br \/>\n<em>Skulehuset: <\/em>Her har det ogs\u00e5 vori\u00a0utf\u00f8rt naudsynt vedlikehald og reinhald.<\/p>\n<p><strong>Eigen nettstad<\/strong><br \/>\nJostedal Historielag har eiga heimeside. Oddmund L. Hoel er redakt\u00f8r og adressa er: <a href=\"http:\/\/www.historielaget.jostedal.no\">http:\/\/www.historielaget.jostedal.no<\/a><\/p>\n","protected":false},"excerpt":{"rendered":"<p>Godkjend p\u00e5 \u00e5rsm\u00f8tet 3. mars 2011<\/p>\n","protected":false},"author":2,"featured_media":0,"comment_status":"open","ping_status":"open","sticky":false,"template":"","format":"standard","meta":{"ngg_post_thumbnail":0,"footnotes":""},"categories":[10],"tags":[],"class_list":["post-1746","post","type-post","status-publish","format-standard","hentry","category-arsmeldingar"],"_links":{"self":[{"href":"https:\/\/www.historielaget.jostedal.no\/index.php?rest_route=\/wp\/v2\/posts\/1746","targetHints":{"allow":["GET"]}}],"collection":[{"href":"https:\/\/www.historielaget.jostedal.no\/index.php?rest_route=\/wp\/v2\/posts"}],"about":[{"href":"https:\/\/www.historielaget.jostedal.no\/index.php?rest_route=\/wp\/v2\/types\/post"}],"author":[{"embeddable":true,"href":"https:\/\/www.historielaget.jostedal.no\/index.php?rest_route=\/wp\/v2\/users\/2"}],"replies":[{"embeddable":true,"href":"https:\/\/www.historielaget.jostedal.no\/index.php?rest_route=%2Fwp%2Fv2%2Fcomments&post=1746"}],"version-history":[{"count":1,"href":"https:\/\/www.historielaget.jostedal.no\/index.php?rest_route=\/wp\/v2\/posts\/1746\/revisions"}],"predecessor-version":[{"id":1747,"href":"https:\/\/www.historielaget.jostedal.no\/index.php?rest_route=\/wp\/v2\/posts\/1746\/revisions\/1747"}],"wp:attachment":[{"href":"https:\/\/www.historielaget.jostedal.no\/index.php?rest_route=%2Fwp%2Fv2%2Fmedia&parent=1746"}],"wp:term":[{"taxonomy":"category","embeddable":true,"href":"https:\/\/www.historielaget.jostedal.no\/index.php?rest_route=%2Fwp%2Fv2%2Fcategories&post=1746"},{"taxonomy":"post_tag","embeddable":true,"href":"https:\/\/www.historielaget.jostedal.no\/index.php?rest_route=%2Fwp%2Fv2%2Ftags&post=1746"}],"curies":[{"name":"wp","href":"https:\/\/api.w.org\/{rel}","templated":true}]}}