{"id":1842,"date":"2011-08-08T11:07:26","date_gmt":"2011-08-08T09:07:26","guid":{"rendered":"http:\/\/www.historielaget.jostedal.no\/?p=1842"},"modified":"2013-01-19T00:19:13","modified_gmt":"2013-01-18T22:19:13","slug":"bunadsskatt-gjekk-med-i-brannen","status":"publish","type":"post","link":"https:\/\/www.historielaget.jostedal.no\/?p=1842","title":{"rendered":"Bunadsskatt gjekk med i brannen"},"content":{"rendered":"<p><a href=\"http:\/\/www.historielaget.jostedal.no\/wordpress\/wp-content\/upLoads\/bunadsliv.jpg\"><img loading=\"lazy\" decoding=\"async\" class=\"size-thumbnail wp-image-1845 alignleft\" title=\"Eitt av bunadsliva som gjekk med i brannen\" src=\"http:\/\/www.historielaget.jostedal.no\/wordpress\/wp-content\/upLoads\/bunadsliv-150x134.jpg\" alt=\"Eitt av bunadsliva som gjekk med i brannen\" width=\"150\" height=\"134\" srcset=\"https:\/\/www.historielaget.jostedal.no\/wordpress\/wp-content\/upLoads\/bunadsliv-150x134.jpg 150w, https:\/\/www.historielaget.jostedal.no\/wordpress\/wp-content\/upLoads\/bunadsliv-300x269.jpg 300w, https:\/\/www.historielaget.jostedal.no\/wordpress\/wp-content\/upLoads\/bunadsliv.jpg 660w\" sizes=\"auto, (max-width: 150px) 100vw, 150px\" \/><\/a><\/p>\n<p>D\u00e5 Breheimsenteret brann om kvelden 28. juli, gjekk ein del gamle gjenstandar i dei kulturhistoriske utstillingane tapt. St\u00f8rst historisk verdi hadde nok samlinga med gamle bunadsdelar som var utstilte i kjellaren. I samlinga var det sju bunadsliv, to bringedukar med perlebroderi p\u00e5 silke, ei tr\u00f8ye, eit forkle, eit st\u00f8lebelte og fire konehuver og barnehuver. Dette var klede etter ekteparet <a href=\"http:\/\/lokalhistoriewiki.no\/index.php\/Anders_Andersson_Haugen_(1809-1882)\">Anders Andersson Haugen og Mari Johnsdotter Kruna<\/a> som flytte fr\u00e5 Jostedalen til Romsdalen i 1853. Oldebarnet Margot Berge gav i 1995 kleda i g\u00e5ve til Jostedal historielag, og dei har sidan same hausten vore utstilte p\u00e5 Breheimsenteret. Kleda er heldigvis fotograferte og registrerte av Norsk institutt for bunad og folkedrakt ved Valdresmusea. (<a href=\"http:\/\/www.historielaget.jostedal.no\/?page_id=2453\">Sj\u00e5 katalogen.<\/a>)<\/p>\n<p>Jostedal historielag hjelpte i 1992-93 \u00f2g til med \u00e5 samle inn ein del gjenstandar og andre klede til utstilingane.\u00a0Alt dette gjekk tapt i brannen, men me har framleis ikkje detaljert oversyn over kva gjenstandar det var snakk om.<\/p>\n<p><a href=\"http:\/\/www.historielaget.jostedal.no\/?page_id=2443\">Sj\u00e5 \u00f2g sida om bunadsutstillinga<\/a>.<\/p>\n","protected":false},"excerpt":{"rendered":"<p>D\u00e5 Breheimsenteret brann om kvelden 28. juli, gjekk ein del gamle gjenstandar i dei kulturhistoriske utstillingane tapt. St\u00f8rst historisk verdi hadde nok samlinga med gamle bunadsdelar som var utstilte i kjellaren. I samlinga var det sju bunadsliv, to bringedukar med perlebroderi p\u00e5 silke, ei tr\u00f8ye, eit forkle, eit st\u00f8lebelte og fire konehuver og barnehuver. Dette [&hellip;]<\/p>\n","protected":false},"author":2,"featured_media":0,"comment_status":"open","ping_status":"open","sticky":false,"template":"","format":"standard","meta":{"ngg_post_thumbnail":0,"footnotes":""},"categories":[1],"tags":[],"class_list":["post-1842","post","type-post","status-publish","format-standard","hentry","category-generell"],"_links":{"self":[{"href":"https:\/\/www.historielaget.jostedal.no\/index.php?rest_route=\/wp\/v2\/posts\/1842","targetHints":{"allow":["GET"]}}],"collection":[{"href":"https:\/\/www.historielaget.jostedal.no\/index.php?rest_route=\/wp\/v2\/posts"}],"about":[{"href":"https:\/\/www.historielaget.jostedal.no\/index.php?rest_route=\/wp\/v2\/types\/post"}],"author":[{"embeddable":true,"href":"https:\/\/www.historielaget.jostedal.no\/index.php?rest_route=\/wp\/v2\/users\/2"}],"replies":[{"embeddable":true,"href":"https:\/\/www.historielaget.jostedal.no\/index.php?rest_route=%2Fwp%2Fv2%2Fcomments&post=1842"}],"version-history":[{"count":6,"href":"https:\/\/www.historielaget.jostedal.no\/index.php?rest_route=\/wp\/v2\/posts\/1842\/revisions"}],"predecessor-version":[{"id":2509,"href":"https:\/\/www.historielaget.jostedal.no\/index.php?rest_route=\/wp\/v2\/posts\/1842\/revisions\/2509"}],"wp:attachment":[{"href":"https:\/\/www.historielaget.jostedal.no\/index.php?rest_route=%2Fwp%2Fv2%2Fmedia&parent=1842"}],"wp:term":[{"taxonomy":"category","embeddable":true,"href":"https:\/\/www.historielaget.jostedal.no\/index.php?rest_route=%2Fwp%2Fv2%2Fcategories&post=1842"},{"taxonomy":"post_tag","embeddable":true,"href":"https:\/\/www.historielaget.jostedal.no\/index.php?rest_route=%2Fwp%2Fv2%2Ftags&post=1842"}],"curies":[{"name":"wp","href":"https:\/\/api.w.org\/{rel}","templated":true}]}}