{"id":2210,"date":"2012-03-04T11:51:36","date_gmt":"2012-03-04T09:51:36","guid":{"rendered":"http:\/\/www.historielaget.jostedal.no\/?p=2210"},"modified":"2012-10-01T13:49:38","modified_gmt":"2012-10-01T11:49:38","slug":"arsmelding-2011-for-jostedal-historielag","status":"publish","type":"post","link":"https:\/\/www.historielaget.jostedal.no\/?p=2210","title":{"rendered":"\u00c5rsmelding 2011 for Jostedal historielag"},"content":{"rendered":"<p>Godkjend p\u00e5 \u00e5rsm\u00f8tet 1.3.2012.<\/p>\n<p><!--more--><\/p>\n<p>[<a href=\"http:\/\/www.historielaget.jostedal.no\/wordpress\/wp-content\/upLoads\/2012-aarsmelding.pdf\">\u00c5rsmeldinga i pdf med bilete<\/a>]<\/p>\n<p><strong>Styret og nemnder:<br \/>\n<\/strong>Leiar: Olav St\u00f8len<br \/>\nKasserar: Aud Foss\u00f8y<br \/>\nSekret\u00e6r: Oddmund L. Hoel<br \/>\nStyremedlem: Lars Neset<br \/>\nStyremedlem: Einar Blikra<br \/>\nVaramedlemer: Liv Espe og Harald Haugen<\/p>\n<p>Valnemnd: Kristen Ormberg og \u00c5ne Elgersma<br \/>\nRevisor: Gunnar Ruud<br \/>\nTilsyn med Berget: Liv Espe, Lars Neset og Harald Haugen<br \/>\nTilsyn med Kvernhuset: Alfred Tuften<br \/>\nTilsyn med Skulehuset: \u00c5ne Elgersma<br \/>\nBoknemnd: Sigbj\u00f8rg Sperle og Peder Kjervik.<\/p>\n<p><strong>Om kvern, kvernrenne og bygningar<br \/>\n<\/strong>Me brukte mykje tid og krefter p\u00e5 \u00e5 byggje kraftige luker i kvernveiti. Desse vart ferdige i juni, og me var godt forn\u00f8gde. Men alt i juli, med flaum i elvi, rauk hovudluka att. Ei ekstra luke ved inntaket m\u00e5 derfor byggjast i 2012.<\/p>\n<p>Utover tilsyn og opprydding har det ikkje vore mykje arbeid p\u00e5 <strong>Husi i Berget og Skulehuset<\/strong>. Det gjekk bra under stormen 1. juledag i fjor, og som det ser ut til no, vart det berre moderat skade p\u00e5 glas og kledning p\u00e5 stova i Berget.<\/p>\n<p><strong>Markeringa av Nansen \u2013 Amundsen-\u00e5ret<br \/>\n<\/strong>Tilskipinga p\u00e5 Samfunnshuset den 25. september samla mykje folk. Sigrid Henjum, nyss heimattkomen fr\u00e5 tur over Gr\u00f8nland, hadde eit flott foredrag. Ho samanlikna mellom anna utstyr, proviant og klede med Nansen sin ekspedisjon i 1888. B\u00e5de mat, kulturelle og faglege innslag var vellukka, og Ditlef Forsberg, sj\u00f8kaptein, brukte sekstanten og fekk oss godt til \u00abPolen\u00bb og heimatt!<\/p>\n<p><strong>Stadnamnprosjektet<\/strong><br \/>\nArbeidet har g\u00e5tt greitt og registrering av stadnamn under 800 meter er nesten ferdig og avlevert til Fylkesarkivet. Me er ogs\u00e5 s\u00e5 sm\u00e5tt komne i gang med fjellkarti \u2013 stadnamn, over 800 meter.<\/p>\n<p><strong>Arkeologiprosjektet<\/strong><br \/>\nArkeologane har g\u00e5tt gjennom resten av jordpr\u00f8vene som vart tekne. 12 av desse er i ein slik stand at dei kan verte analysert \u2013 10 fr\u00e5 Espe og 2 fr\u00e5 \u00c5sen. Dette er kolpr\u00f8ver som vil kunne gje datering av det eldste dyrkingslaget. Det st\u00e5r att noko papirarbeid f\u00f8r pr\u00f8vene kan sendast til laboratoriet for datering, og det vil skje i mars. Resultata fr\u00e5 pr\u00f8vene vil gje eit breiare grunnlag for \u00e5 datere den eldste faste busetnaden i bygdi.<\/p>\n<p><strong>St\u00f8nad<br \/>\n<\/strong>Laget har f\u00e5tt st\u00f8tte fr\u00e5 Luster Sparebank (12.000,- Kr.) og fr\u00e5 Luster Kommune (6.800,- Kr.)<\/p>\n<p><strong>Medlemmer<\/strong><br \/>\nDet er god oppslutning til Laget, 41 medlemmer. Kontingenten vart ogs\u00e5 i 2011 halden p\u00e5 100 kr.<\/p>\n<p><strong>Tap av bunadsskatten<br \/>\n<\/strong>Utstillinga av bunadsskatten gjekk diverre tapt i brannen p\u00e5 Breheimsenteret den 28. juli. Kleda er heldigvis fotograferte og registrerte av Norsk institutt for bunad og folkedrakt ved Valdresmusea. Kvinnedrakter og barnet\u00f8y fr\u00e5 1920-\u00e5ra, eigar Vidar Tuften, gjekk ogso med i brannen.<\/p>\n<p><strong>Andre saker<\/strong><\/p>\n<p><em>Forsikringar.<\/em> Laget har vurdert om det skulle ha forsikring p\u00e5 alle hus d\u00e5 det er ei stor utgift for eit lite lag. For offentleg st\u00f8tte til vedlikehald av bygningar er det ogs\u00e5 krav om forsikring. Derfor er det til alle bygningar og kvernrenne teikna forsikring i IF.<\/p>\n<p><em>Vegsoge.<\/em> Per Birger Lomheim og leiar har arbeidt p\u00e5 soga, og brukte m.a. ein heil dag p\u00e5 synfaring \/ fotografering av vegmurar, bruer og brukar opp over dalen.<\/p>\n<p><em>Lokalhistorisk \u00c5rbok for Luster.<\/em>\u00a0Bok nr. 6 kom i 2011. JH har st\u00f8tta arbeidet og var med p\u00e5 lanseringi p\u00e5 Walaker Hotel i Solvorn den 6. november.<\/p>\n<p><em>Kulturhistorisk registrering i Berget.<\/em> Den 9. juni hadde me vitjing fr\u00e5 Riksantikvaren, Landbruksdepartementet o.a. Dei tykte sv\u00e6rt godt om Berget.<\/p>\n<p><em>M\u00f8te i Styret.<\/em> Utover \u00e5rsm\u00f8te har me halde fem styrem\u00f8te.<\/p>\n<p><em>\u00c5rsm\u00f8tet 3. mars 2011<\/em> vart avslutta med at Steinar Bruheim tok oss med p\u00e5 tur, ved hjelp av flotte lysbilete, til h\u00f8ge toppar i framande land.<\/p>\n<p><em>Eigen nettstad.<\/em> Jostedal Historielag har eiga heimeside. Oddmund L. Hoel er redakt\u00f8r og adressa er: http:\/\/www.historielaget.jostedal.no.<\/p>\n","protected":false},"excerpt":{"rendered":"<p>Godkjend p\u00e5 \u00e5rsm\u00f8tet 1.3.2012.<\/p>\n","protected":false},"author":2,"featured_media":0,"comment_status":"open","ping_status":"open","sticky":false,"template":"","format":"standard","meta":{"ngg_post_thumbnail":0,"footnotes":""},"categories":[10],"tags":[],"class_list":["post-2210","post","type-post","status-publish","format-standard","hentry","category-arsmeldingar"],"_links":{"self":[{"href":"https:\/\/www.historielaget.jostedal.no\/index.php?rest_route=\/wp\/v2\/posts\/2210","targetHints":{"allow":["GET"]}}],"collection":[{"href":"https:\/\/www.historielaget.jostedal.no\/index.php?rest_route=\/wp\/v2\/posts"}],"about":[{"href":"https:\/\/www.historielaget.jostedal.no\/index.php?rest_route=\/wp\/v2\/types\/post"}],"author":[{"embeddable":true,"href":"https:\/\/www.historielaget.jostedal.no\/index.php?rest_route=\/wp\/v2\/users\/2"}],"replies":[{"embeddable":true,"href":"https:\/\/www.historielaget.jostedal.no\/index.php?rest_route=%2Fwp%2Fv2%2Fcomments&post=2210"}],"version-history":[{"count":7,"href":"https:\/\/www.historielaget.jostedal.no\/index.php?rest_route=\/wp\/v2\/posts\/2210\/revisions"}],"predecessor-version":[{"id":2440,"href":"https:\/\/www.historielaget.jostedal.no\/index.php?rest_route=\/wp\/v2\/posts\/2210\/revisions\/2440"}],"wp:attachment":[{"href":"https:\/\/www.historielaget.jostedal.no\/index.php?rest_route=%2Fwp%2Fv2%2Fmedia&parent=2210"}],"wp:term":[{"taxonomy":"category","embeddable":true,"href":"https:\/\/www.historielaget.jostedal.no\/index.php?rest_route=%2Fwp%2Fv2%2Fcategories&post=2210"},{"taxonomy":"post_tag","embeddable":true,"href":"https:\/\/www.historielaget.jostedal.no\/index.php?rest_route=%2Fwp%2Fv2%2Ftags&post=2210"}],"curies":[{"name":"wp","href":"https:\/\/api.w.org\/{rel}","templated":true}]}}