{"id":2222,"date":"2012-03-12T10:05:20","date_gmt":"2012-03-12T08:05:20","guid":{"rendered":"http:\/\/www.historielaget.jostedal.no\/?p=2222"},"modified":"2012-03-12T10:06:55","modified_gmt":"2012-03-12T08:06:55","slug":"arbeidsplan-for-2012","status":"publish","type":"post","link":"https:\/\/www.historielaget.jostedal.no\/?p=2222","title":{"rendered":"Arbeidsplan for 2012"},"content":{"rendered":"<p>Vedteken p\u00e5 \u00e5rsm\u00f8tet 1. mars 2012.<!--more--><\/p>\n<p>1. Kverni.\u00a0Luker for \u00e5 sikre vass\u00f8ring til kverni vart gjort ferdige i juni 2011. Men sj\u00f8lv med solide luker vart det skade p\u00e5 den fremste under storflaum i Nigardselvi i juli. Derfor lyt me setje opp ei ekstra luke i sj\u00f8lve inntaket. Dette m\u00e5 gjerast s\u00e5 snart telen er or jordi og f\u00f8r elvi vert for stor og hindrar arbeidet.<\/p>\n<p>Sj\u00f8lve feste for kvernkallen og l\u00f8fte innstilling, ned ved hjulet, m\u00e5 skiftast ut. Til dette arbeid fekk me 2000,- kr. i st\u00f8tte fr\u00e5 Kommunen i 2011. Me n\u00e5dde ikkje \u00e5 f\u00e5 ferdig arbeidet, men fekk overf\u00f8rt midlane til i \u00e5r.<\/p>\n<p>2. Berget. Den store d\u00f8rhella til stabburet er sklidd ned og m\u00e5 l\u00f8ftast p\u00e5 plass og sikrast. Til dette arbeid lyt me leige traktor \/ gravemaskin.<\/p>\n<p>Under stormen 1. juledag i fjor vart det noko skade p\u00e5 bordkledning og glasruter p\u00e5 stova i Berget. Skadane m\u00e5 utbetrast s\u00e5 snart det er mogleg \u00e5 komme opp med reiskap.<\/p>\n<p>3. Skulehuset. Sm\u00e5kratt veks p\u00e5 taket og r\u00f8tene kan g\u00e5 ned og gjere skade. Denne vegetasjon m\u00e5 derfor reinskas vekk her i v\u00e5r. Det kan ogs\u00e5 vise seg n\u00f8dvendig med m\u00e5ling.<\/p>\n<p>4. Stadnamnprosjektet. Avslutte arbeidet med registrering av stadnamn under 800 meter og gjere ferdig \u00abfjellkarti\u00bb<\/p>\n<p>5. Vegsoge om Jostedalen. Per Birger Lomheim har samla opp m\u00e5 materiale i 2011 og det vart fotografert og registrert detaljer om bruer opp over dalen. Det vert arbeidt vidare med materialet i \u00e5r.<\/p>\n<p>6. Tilskiping i Berget \/ Nigardsgrandane. I fyrste halvdel av juni vil me, i lag med Helselagt o.a. lage ei tilskiping med god lokal mat, musikk og andre kultur innslag &#8211; noko for alle aldersklassar.<\/p>\n<p>7. Anna aktivitet. Utover dei planlagde aktivitetar dukkar det alltid opp arbeid \/ tilskipingar som Laget m\u00e5 ta del i.<\/p>\n<p>&nbsp;<\/p>\n","protected":false},"excerpt":{"rendered":"<p>Vedteken p\u00e5 \u00e5rsm\u00f8tet 1. mars 2012.<\/p>\n","protected":false},"author":2,"featured_media":0,"comment_status":"open","ping_status":"open","sticky":false,"template":"","format":"standard","meta":{"ngg_post_thumbnail":0,"footnotes":""},"categories":[18],"tags":[],"class_list":["post-2222","post","type-post","status-publish","format-standard","hentry","category-arbeidsplanar"],"_links":{"self":[{"href":"https:\/\/www.historielaget.jostedal.no\/index.php?rest_route=\/wp\/v2\/posts\/2222","targetHints":{"allow":["GET"]}}],"collection":[{"href":"https:\/\/www.historielaget.jostedal.no\/index.php?rest_route=\/wp\/v2\/posts"}],"about":[{"href":"https:\/\/www.historielaget.jostedal.no\/index.php?rest_route=\/wp\/v2\/types\/post"}],"author":[{"embeddable":true,"href":"https:\/\/www.historielaget.jostedal.no\/index.php?rest_route=\/wp\/v2\/users\/2"}],"replies":[{"embeddable":true,"href":"https:\/\/www.historielaget.jostedal.no\/index.php?rest_route=%2Fwp%2Fv2%2Fcomments&post=2222"}],"version-history":[{"count":3,"href":"https:\/\/www.historielaget.jostedal.no\/index.php?rest_route=\/wp\/v2\/posts\/2222\/revisions"}],"predecessor-version":[{"id":2227,"href":"https:\/\/www.historielaget.jostedal.no\/index.php?rest_route=\/wp\/v2\/posts\/2222\/revisions\/2227"}],"wp:attachment":[{"href":"https:\/\/www.historielaget.jostedal.no\/index.php?rest_route=%2Fwp%2Fv2%2Fmedia&parent=2222"}],"wp:term":[{"taxonomy":"category","embeddable":true,"href":"https:\/\/www.historielaget.jostedal.no\/index.php?rest_route=%2Fwp%2Fv2%2Fcategories&post=2222"},{"taxonomy":"post_tag","embeddable":true,"href":"https:\/\/www.historielaget.jostedal.no\/index.php?rest_route=%2Fwp%2Fv2%2Ftags&post=2222"}],"curies":[{"name":"wp","href":"https:\/\/api.w.org\/{rel}","templated":true}]}}