{"id":2548,"date":"2013-03-10T00:50:46","date_gmt":"2013-03-09T22:50:46","guid":{"rendered":"http:\/\/www.historielaget.jostedal.no\/?p=2548"},"modified":"2013-03-10T01:15:47","modified_gmt":"2013-03-09T23:15:47","slug":"arsmelding-2012-for-jostedal-historielag","status":"publish","type":"post","link":"https:\/\/www.historielaget.jostedal.no\/?p=2548","title":{"rendered":"\u00c5rsmelding 2012 for Jostedal historielag"},"content":{"rendered":"<p>Godkjend p\u00e5 \u00e5rsm\u00f8tet 7.3.2013.<!--more--><\/p>\n<p>[<a href=\"http:\/\/www.historielaget.jostedal.no\/wordpress\/wp-content\/upLoads\/2013-aarsmelding.pdf\">\u00c5rsmeldinga i PDF<\/a>]<\/p>\n<p><strong>\u00c5rsm\u00f8tet<\/strong> vart halde den 1. mars 2012, p\u00e5 Jostedal Hotell.<\/p>\n<p><strong>Val.<\/strong>\u00a0Einar Blikra, Lars Neset og Olav St\u00f8len vart valde for 2 nye \u00e5r i styret og Olav St\u00f8len i eit som leiar. Sigbj\u00f8rg Sperle og Peder Kjervik \u00f8nskte \u00e5 g\u00e5 ut av boknemnda. Nye vart O. St\u00f8len og K. Ormberg. Styret og nemnder etter val:<\/p>\n<p>Leiar: Olav St\u00f8len<br \/>\nKasserar: Aud Foss\u00f8y<br \/>\nSekret\u00e6r: Oddmund L. Hoel<br \/>\nStyremedlem: Lars Neset<br \/>\nStyremedlem: Einar Blikra<br \/>\nVaramedlemer: Liv Espe og Harald Haugen<\/p>\n<p>Valnemnd: Kristen Ormberg og \u00c5ne Elgersma<br \/>\nRevisor: Gunnar Ruud<br \/>\nTilsyn med Berget: Liv Espe, Lars Neset og Harald Haugen<br \/>\nTilsyn med Kvernhuset: Alfred Tuften<br \/>\nTilsyn med Skulehuset: \u00c5ne Elgersma<br \/>\nBoknemnd: Olav St\u00f8len og Kristen Ormberg<\/p>\n<p><strong>Berget.<\/strong><br \/>\nDen 29. mai var det dugnad i Berget med, mellom anna, \u00e5 f\u00e5 p\u00e5 plass att den store stabburshella, p\u00e5 n\u00e6rmare 700 kg. Me fekk ogs\u00e5 rydde godt opp rundt husi og mykje gammalt bos vart med p\u00e5 Fendten til K\u00e5re Reidar.<\/p>\n<p>Men det veks godt i Berget og om kvelden den 4. september m\u00e5tte me i gang att med lj\u00e5 og snel. Me ville ha det fint og ryddig til feiring av Gamle Barsok dagen etter. Me heldt ogs\u00e5 styrem\u00f8te den kvelden og hadde invitert Torunn L\u00f8ne Vinje til \u00e5 orientere oss om Kulturminnevern. Om ikkje veret var alt for godt, og det var lite kaldt i stova, s\u00e5 vart det ei fin markering av Gamle Barsok. R\u00f8mmegrauten smakte s\u00e6rdeles godt, og s\u00e5 underheldt Else Marie Haugen og Arvid Elvekrok oss med vakker \u00abhuldremusikk\u00bb Leiaren fortalde ogs\u00e5 litt om Gamle Barsok feiring og om hulder. S\u00e5 gikk turen heim att, i dusjeregn og i fin seinsommarstemning, og s\u00e5 fekk \u00abhuldrene\u00bb ta over i Bergagarden for hausten og vinteren!<\/p>\n<p><strong>Skulehuset.<\/strong><br \/>\nNokre tre vart slegne inn p\u00e5 huset under stormen Dagmar. Dei fekk K\u00e5re Reidar \u00c5sen og O.S. saga ned den 23. august. Me skar ogs\u00e5 ned sm\u00e5tre p\u00e5 taket og rydda opp p\u00e5 tomten. Seinare ordna K\u00e5re Reidar med skadde vindskeier og glasruter.<\/p>\n<p><strong>Stadnamnprosjektet.<\/strong><br \/>\nStadnamn under 800 meter ferdige, og mesteparten er avlevert til Fylkesarkivet. Likeeins er arbeidet med fjellkarti \u2013 stadnamn over 800 meter, nesten ferdig. Me har god dialog med Fylkesarkivet om digitalisering av namna og har f\u00e5tt st\u00f8tte fr\u00e5 Luster Kommune til den delen.<\/p>\n<p><strong>Rydding av Gamlevegen p\u00e5 austsida av Dalen.<\/strong><br \/>\n\u00abDagmar\u00bb slo mykje stor skog inn over Gamlevegen p\u00e5 strekninga Vigdal-Ormbergst\u00f8l, og det var faktisk uframkomeleg. Med st\u00f8tte i Smil-midlar og dugnad vart vegstrekninga skikkeleg rydda, og det er no fint og trygt \u00e5 g\u00e5.<\/p>\n<p><strong>Arkeologiprosjektet.<\/strong><br \/>\nArkeologane har g\u00e5tt gjennom resten av jordpr\u00f8vene som vart tekne. 12 av desse er i ein slik stand at dei kan verte analysert \u2013 10 fr\u00e5 Espe og 2 fr\u00e5 \u00c5sen. Dei skal no sendast inn til datering.<\/p>\n<p><strong>St\u00f8nad i 2012.<\/strong><br \/>\nLaget har f\u00e5tt st\u00f8nad fr\u00e5 Luster Sparebank (15.000,- Kr.), fr\u00e5 Luster Kommune (4.500,- Kr.) og fr\u00e5 STL (17.000,- kr.).<\/p>\n<p><strong>Medlemmer.<\/strong><br \/>\nDet er god oppslutning om laget, 40 medlemmer. Av omsyn til \u00e5 s\u00f8kje om kommunal st\u00f8nad m\u00e5tte me auke kontingenten til 150,- kr.<\/p>\n<p><strong>Bunadskatten.<\/strong><br \/>\nHistorielaget har skanna katalogkorta, og dei er no tilgjengeleg p\u00e5 nettstaden v\u00e5r.<\/p>\n<p><strong>Breheimsenteret.<\/strong><br \/>\nDei kulturhistoriske bruksgjenstandane som gjekk tapt i brannen: Jostedal Historielag tok initiativ til eit m\u00f8te med leiinga i Breheimsenteret. Dei har no utbetalt erstatning til eigarane av dei mest verdifulle gamle gjenstandane, sj\u00f8lv om dette ikkje blir dekka i forsikringsoppgj\u00f8ret deira.<\/p>\n<p><strong>Andre saker.<\/strong><\/p>\n<p><em>Vegsoge.<\/em> Per Birger Lomheim og leiar held tak i arbeidet, men leiar m\u00e5tte, i fjor, prioritere arbeidet med Stadnamnsprosjektet.<\/p>\n<p><em>Lokalhistorisk \u00c5rbok for Luster.<\/em> Kristen Ormberg og leiar var med p\u00e5 fellesm\u00f8te den 13. mars. Her vart det diskutert om bidrag til ny \u00c5rbok.<\/p>\n<p><em>Naturvernprosjekt.<\/em> Leiar var med Luster Kommune p\u00e5 studietur til Stranda\/Geiranger, V\u00e5g\u00e5 og Valdres i dagane 27. \u2013 29. august.<\/p>\n<p><em>M\u00f8te i styret. <\/em>Utover \u00e5rsm\u00f8tet har me halde 4 styrem\u00f8te.<\/p>\n<p><em>\u00c5rsm\u00f8tet den 1. mars 2012<\/em> vart avslutta med kaffi og lite kveldsmat, og s\u00e5 heldt Oddmund L\u00f8kensgard Hoel eit tankevekkande innlegg om: \u00abKongeleg naudhjelp til Jostedalen. Brevekst og krise i 1740-\u00e5ra\u00bb Det var harde tider det!<\/p>\n<p><em>Eigen nettstad. <\/em>Heimesida til Jostedal Historielag feirar 10 \u00e5rs jubileum i \u00e5r. Oddmund L. Hoel er redakt\u00f8r og adressa er: http:\/\/www.historielaget.jostedal.no<\/p>\n<p>&nbsp;<\/p>\n","protected":false},"excerpt":{"rendered":"<p>Godkjend p\u00e5 \u00e5rsm\u00f8tet 7.3.2013.<\/p>\n","protected":false},"author":2,"featured_media":0,"comment_status":"open","ping_status":"open","sticky":false,"template":"","format":"standard","meta":{"ngg_post_thumbnail":0,"footnotes":""},"categories":[10],"tags":[],"class_list":["post-2548","post","type-post","status-publish","format-standard","hentry","category-arsmeldingar"],"_links":{"self":[{"href":"https:\/\/www.historielaget.jostedal.no\/index.php?rest_route=\/wp\/v2\/posts\/2548","targetHints":{"allow":["GET"]}}],"collection":[{"href":"https:\/\/www.historielaget.jostedal.no\/index.php?rest_route=\/wp\/v2\/posts"}],"about":[{"href":"https:\/\/www.historielaget.jostedal.no\/index.php?rest_route=\/wp\/v2\/types\/post"}],"author":[{"embeddable":true,"href":"https:\/\/www.historielaget.jostedal.no\/index.php?rest_route=\/wp\/v2\/users\/2"}],"replies":[{"embeddable":true,"href":"https:\/\/www.historielaget.jostedal.no\/index.php?rest_route=%2Fwp%2Fv2%2Fcomments&post=2548"}],"version-history":[{"count":4,"href":"https:\/\/www.historielaget.jostedal.no\/index.php?rest_route=\/wp\/v2\/posts\/2548\/revisions"}],"predecessor-version":[{"id":2557,"href":"https:\/\/www.historielaget.jostedal.no\/index.php?rest_route=\/wp\/v2\/posts\/2548\/revisions\/2557"}],"wp:attachment":[{"href":"https:\/\/www.historielaget.jostedal.no\/index.php?rest_route=%2Fwp%2Fv2%2Fmedia&parent=2548"}],"wp:term":[{"taxonomy":"category","embeddable":true,"href":"https:\/\/www.historielaget.jostedal.no\/index.php?rest_route=%2Fwp%2Fv2%2Fcategories&post=2548"},{"taxonomy":"post_tag","embeddable":true,"href":"https:\/\/www.historielaget.jostedal.no\/index.php?rest_route=%2Fwp%2Fv2%2Ftags&post=2548"}],"curies":[{"name":"wp","href":"https:\/\/api.w.org\/{rel}","templated":true}]}}