{"id":2554,"date":"2013-03-10T01:13:57","date_gmt":"2013-03-09T23:13:57","guid":{"rendered":"http:\/\/www.historielaget.jostedal.no\/?p=2554"},"modified":"2013-03-10T01:13:57","modified_gmt":"2013-03-09T23:13:57","slug":"arbeidsplan-for-2013","status":"publish","type":"post","link":"https:\/\/www.historielaget.jostedal.no\/?p=2554","title":{"rendered":"Arbeidsplan for 2013"},"content":{"rendered":"<p>Vedteken p\u00e5 \u00e5rsm\u00f8tet 7. mars 2013.<!--more--><\/p>\n<p>1. Kverni. JH fekk (i 2012) 3000,- kr. i st\u00f8tte fr\u00e5 Luster kommune til \u00e5 forsterke luker ved vassinntaket. Diverre n\u00e5dde me ikkje arbeidet i fjor, og fekk overf\u00f8rt midlane til i \u00e5r. Den same med st\u00f8tte p\u00e5 2000,- kr. til v\u00f8ling av sj\u00f8lve feste for kvernkallen og l\u00f8fte innstilling.<\/p>\n<p>Desse to arbeida m\u00e5 prioriterast og gjerast s\u00e5 snart sn\u00f8en er borte og det er til \u00e5 arbeide.<\/p>\n<p>2. Skulehuset. Opprydding og uttynning av skog p\u00e5 tomten, ettersyn, sm\u00e5reparasjonar p\u00e5 huset. Og s\u00e5 m\u00e5 huset m\u00e5last opp att utvendig. Vidare m\u00e5 det lagast 2-3 enkle og gode benker\/sitjeplassar.<\/p>\n<p>3. Berget. Her skulle det i \u00e5r vere vere tale om mindre vedlikehald, sl\u00e5tt og rydding rundt husi. S\u00e5 er JH i kontakt med Geir Vetti om \u00e5 f\u00e5 lage ein samla plan for restaurering\/vedlikehald av alle hus, inklusiv jordkjellarar.<\/p>\n<p>4. Stadnamnprosjektet. Avslutte arbeidet med registrering av stadnamn over 800 meter og gjere ferdig \u00abfjellkarti\u00bb Elles har JH teke p\u00e5 seg \u00e5 koordinere arbeidet med Fylkesarkivet med omsyn til stadnamni i heile Kommunen.<\/p>\n<p>5. Opprydding p\u00e5 Gamlevegen fr\u00e5 Ormbergst\u00f8l &#8211; H\u00f8gebrui. Vegstrekninga har vore haldi med dugnadsarbeid. Men, stormen \u00abDagmar\u00bb slo skog innover vegen som n\u00e5 m\u00e5 ryddast vekk. JH har s\u00f8kt om Smil-midlar til leigd arbeid.<\/p>\n<p>6. Vegsoge om Jostedalen. Saman med Per Birger Lomheim fortset JH arbeidet.<\/p>\n<p>7. Tilskiping.<\/p>\n<p>Berget. I likheit med siste \u00e5r vil JH skipe til \u00abv\u00e5rkveld\u00bb eller \u00abhaustkveld\u00bb i Berget.<\/p>\n<p>Skulehuset. Markering av \u00abspr\u00e5k\u00e5ret\u00bb med kaffi og song.<\/p>\n<p>Stadnamnsamling. Saman med Fylkesarkivet ynskjer sogelaga i Kommunen eit m\u00f8te \/ samling for \u00e5 summere opp p\u00e5 arbeidet. Tidspunktet er ikkje fastlagt, men s\u00e5 vidt mogleg vert det i november.<\/p>\n<p>Turar. Ormbergst\u00f8l \u2013 Vigdalen og andre turar p\u00e5 \u00abGamlevegen\u00bb.<\/p>\n<p>8. Anna aktivitet. Utover dei planlagde aktivitetar dukkar det alltid opp arbeid \/ tilskipingar som laget m\u00e5 ta del i.<\/p>\n","protected":false},"excerpt":{"rendered":"<p>Vedteken p\u00e5 \u00e5rsm\u00f8tet 7. mars 2013.<\/p>\n","protected":false},"author":2,"featured_media":0,"comment_status":"open","ping_status":"open","sticky":false,"template":"","format":"standard","meta":{"ngg_post_thumbnail":0,"footnotes":""},"categories":[18],"tags":[],"class_list":["post-2554","post","type-post","status-publish","format-standard","hentry","category-arbeidsplanar"],"_links":{"self":[{"href":"https:\/\/www.historielaget.jostedal.no\/index.php?rest_route=\/wp\/v2\/posts\/2554","targetHints":{"allow":["GET"]}}],"collection":[{"href":"https:\/\/www.historielaget.jostedal.no\/index.php?rest_route=\/wp\/v2\/posts"}],"about":[{"href":"https:\/\/www.historielaget.jostedal.no\/index.php?rest_route=\/wp\/v2\/types\/post"}],"author":[{"embeddable":true,"href":"https:\/\/www.historielaget.jostedal.no\/index.php?rest_route=\/wp\/v2\/users\/2"}],"replies":[{"embeddable":true,"href":"https:\/\/www.historielaget.jostedal.no\/index.php?rest_route=%2Fwp%2Fv2%2Fcomments&post=2554"}],"version-history":[{"count":1,"href":"https:\/\/www.historielaget.jostedal.no\/index.php?rest_route=\/wp\/v2\/posts\/2554\/revisions"}],"predecessor-version":[{"id":2555,"href":"https:\/\/www.historielaget.jostedal.no\/index.php?rest_route=\/wp\/v2\/posts\/2554\/revisions\/2555"}],"wp:attachment":[{"href":"https:\/\/www.historielaget.jostedal.no\/index.php?rest_route=%2Fwp%2Fv2%2Fmedia&parent=2554"}],"wp:term":[{"taxonomy":"category","embeddable":true,"href":"https:\/\/www.historielaget.jostedal.no\/index.php?rest_route=%2Fwp%2Fv2%2Fcategories&post=2554"},{"taxonomy":"post_tag","embeddable":true,"href":"https:\/\/www.historielaget.jostedal.no\/index.php?rest_route=%2Fwp%2Fv2%2Ftags&post=2554"}],"curies":[{"name":"wp","href":"https:\/\/api.w.org\/{rel}","templated":true}]}}