{"id":2572,"date":"2013-05-14T17:11:42","date_gmt":"2013-05-14T15:11:42","guid":{"rendered":"http:\/\/www.historielaget.jostedal.no\/?p=2572"},"modified":"2013-05-14T17:14:13","modified_gmt":"2013-05-14T15:14:13","slug":"stadnamn-fra-jostedalen-ut-pa-nettet","status":"publish","type":"post","link":"https:\/\/www.historielaget.jostedal.no\/?p=2572","title":{"rendered":"Stadnamn fr\u00e5 Jostedalen ut p\u00e5 nettet"},"content":{"rendered":"<p>Stadnamnprosjektet i Jostedalen n\u00e6rmar seg no slutten etter ti \u00e5rs arbeid. Namna i gardsomr\u00e5det er leverte til Fylkesarkivet, som no er i gang med \u00e5 gjere dei tilgjengelge p\u00e5 Internett i lag med namn fr\u00e5 resten av Luster kommune. I Jostedalen arbeider Olav St\u00f8len og Kristen Ormberg med \u00e5 gjere ferdig namna p\u00e5 fjellkarta.<\/p>\n<p>Til no er berre namna i F\u00e5berg og eit omr\u00e5de framme i Stordalen p\u00e5 nettet, men dei f\u00e5r fint fram korleis l\u00f8ysinga vil bli. G\u00e5 til <a href=\"http:\/\/fylkesatlas.no\/default.aspx?gui=1&amp;lang=3\">fylkesatlas.no<\/a>\u00a0=&gt; &laquo;Kultur og historie&raquo; =&gt; &laquo;Stadnamn&raquo;. F\u00f8r eller etter ein gjer dette, m\u00e5 ein zoome inn p\u00e5 Luster\/Jostedalen.<\/p>\n<p><a href=\"http:\/\/www.fylkesarkiv.no\/nyhende\/stadnamn-luster-p%C3%A5-internett\">Stadnamn for Luster p\u00e5 Internett (fylkesarkiv.no)<\/a>\u00a0(2.5.2013)<\/p>\n<div id=\"attachment_2573\" style=\"width: 160px\" class=\"wp-caption alignright\"><a href=\"http:\/\/www.historielaget.jostedal.no\/wordpress\/wp-content\/upLoads\/stadnamn-faaberg.jpg\"><img loading=\"lazy\" decoding=\"async\" aria-describedby=\"caption-attachment-2573\" class=\"size-thumbnail wp-image-2573 \" title=\"Stadnamn i F\u00e5berg\" src=\"http:\/\/www.historielaget.jostedal.no\/wordpress\/wp-content\/upLoads\/stadnamn-faaberg-150x176.jpg\" alt=\"Stadnamn i F\u00e5berg\" align=\"alignright\" width=\"150\" height=\"176\" srcset=\"https:\/\/www.historielaget.jostedal.no\/wordpress\/wp-content\/upLoads\/stadnamn-faaberg-150x176.jpg 150w, https:\/\/www.historielaget.jostedal.no\/wordpress\/wp-content\/upLoads\/stadnamn-faaberg-300x353.jpg 300w, https:\/\/www.historielaget.jostedal.no\/wordpress\/wp-content\/upLoads\/stadnamn-faaberg.jpg 336w\" sizes=\"auto, (max-width: 150px) 100vw, 150px\" \/><\/a><p id=\"caption-attachment-2573\" class=\"wp-caption-text\">Stadnamn i F\u00e5berg p\u00e5 fylkesatlas.no<\/p><\/div>\n","protected":false},"excerpt":{"rendered":"<p>Stadnamnprosjektet i Jostedalen n\u00e6rmar seg no slutten etter ti \u00e5rs arbeid. Namna i gardsomr\u00e5det er leverte til Fylkesarkivet, som no er i gang med \u00e5 gjere dei tilgjengelge p\u00e5 Internett i lag med namn fr\u00e5 resten av Luster kommune. I Jostedalen arbeider Olav St\u00f8len og Kristen Ormberg med \u00e5 gjere ferdig namna p\u00e5 fjellkarta. Til [&hellip;]<\/p>\n","protected":false},"author":2,"featured_media":0,"comment_status":"open","ping_status":"open","sticky":false,"template":"","format":"standard","meta":{"ngg_post_thumbnail":0,"footnotes":""},"categories":[5],"tags":[],"class_list":["post-2572","post","type-post","status-publish","format-standard","hentry","category-stadnamn"],"_links":{"self":[{"href":"https:\/\/www.historielaget.jostedal.no\/index.php?rest_route=\/wp\/v2\/posts\/2572","targetHints":{"allow":["GET"]}}],"collection":[{"href":"https:\/\/www.historielaget.jostedal.no\/index.php?rest_route=\/wp\/v2\/posts"}],"about":[{"href":"https:\/\/www.historielaget.jostedal.no\/index.php?rest_route=\/wp\/v2\/types\/post"}],"author":[{"embeddable":true,"href":"https:\/\/www.historielaget.jostedal.no\/index.php?rest_route=\/wp\/v2\/users\/2"}],"replies":[{"embeddable":true,"href":"https:\/\/www.historielaget.jostedal.no\/index.php?rest_route=%2Fwp%2Fv2%2Fcomments&post=2572"}],"version-history":[{"count":5,"href":"https:\/\/www.historielaget.jostedal.no\/index.php?rest_route=\/wp\/v2\/posts\/2572\/revisions"}],"predecessor-version":[{"id":2578,"href":"https:\/\/www.historielaget.jostedal.no\/index.php?rest_route=\/wp\/v2\/posts\/2572\/revisions\/2578"}],"wp:attachment":[{"href":"https:\/\/www.historielaget.jostedal.no\/index.php?rest_route=%2Fwp%2Fv2%2Fmedia&parent=2572"}],"wp:term":[{"taxonomy":"category","embeddable":true,"href":"https:\/\/www.historielaget.jostedal.no\/index.php?rest_route=%2Fwp%2Fv2%2Fcategories&post=2572"},{"taxonomy":"post_tag","embeddable":true,"href":"https:\/\/www.historielaget.jostedal.no\/index.php?rest_route=%2Fwp%2Fv2%2Ftags&post=2572"}],"curies":[{"name":"wp","href":"https:\/\/api.w.org\/{rel}","templated":true}]}}