{"id":288,"date":"2009-03-31T22:13:20","date_gmt":"2009-03-31T20:13:20","guid":{"rendered":"http:\/\/www.historielaget.jostedal.no\/?p=288"},"modified":"2011-05-27T14:42:07","modified_gmt":"2011-05-27T12:42:07","slug":"arsmelding-2008-for-jostedal-historielag-2","status":"publish","type":"post","link":"https:\/\/www.historielaget.jostedal.no\/?p=288","title":{"rendered":"\u00c5rsmelding 2008 for Jostedal historielag"},"content":{"rendered":"<p>Godkjend p\u00e5 \u00e5rsm\u00f8tet 12. mars 2009<!--more--><\/p>\n<p><strong>Styret og nemnder<br \/>\n<\/strong>Leiar: Olav St\u00f8len<br \/>\nKasserar: Aud Foss\u00f8y<br \/>\nSekret\u00e6r: Oddmund L. Hoel<br \/>\nStyremedlem: Lars Neset<br \/>\nStyremedlem: Einar Blikra<br \/>\nVaramedlemer: Liv Espe og Harald Haugen.<\/p>\n<p>Valnemnd: Kristen Ormberg og \u00c5ne Elgersma<br \/>\nRevisor: Gunnar Ruud<br \/>\nTilsyn med Berget: Liv Espe, Lars Neset og Harald Haugen<br \/>\nTilsyn med Kvernhuset: Alfred Tuften<br \/>\nTilsyn med Skulehuset: \u00c5ne Elgersma<br \/>\nBoknemnd: Sigbj\u00f8rg Sperle og Peder Kj\u00e6rvik<\/p>\n<p>\u00c5rsm\u00f8te vart halde den 12. mars og vidare vart det halde 2 styrem\u00f8te.<\/p>\n<p><strong>Markering av det Internasjonale Potet\u00e5r<br \/>\n<\/strong>I samarbeid med Jostedal Helselag og Jostedal Skule skipa me til ein stor \u201dpotetdag\u201d p\u00e5 Samfunnshuset den 27. september. Det vart ein vellukka dag som me har f\u00e5tt ros for.<\/p>\n<p><strong>Stadnamnprosjektet<br \/>\n<\/strong>Arbeidet med \u00e5 registrere, kontrollere, kartfeste og lese inn uttale av stadnamna er snart ferdig fr\u00e5 v\u00e5r side. Det neste steg er s\u00e5 \u00e5 f\u00e5 det tilgjengeleg p\u00e5 nettstaden til Fylkesarkivet. Problemet her er at Fylkesarkivet ikkje vil starte arbeidet f\u00f8r det er garantert \u00f8konomisk dekning fr\u00e5 Luster Kommune. Prosjektmedarbeidar i Historielaget er Ann Kristin Sperle.<\/p>\n<p><strong>Soga om reinsjakt<br \/>\n<\/strong>Sverre Fossen har laga ferdig eit manuskript om fangsttradisjonar, reinstrekk, dyregraver, bogastille, dyregraver, herbyrge og meir i fjellomr\u00e5da v\u00e5re. Manuskriptet er innlevert til prenting hos Sogn Prenteverk og me reknar med \u00e5 kunne halde \u201dbokslepp\u201d i l\u00f8pet av 2009.<\/p>\n<p><strong>Arkeologiprosjektet<\/strong><br \/>\nAnalyser av jordpr\u00f8var er enn\u00e5 ikkje heilt ferdige og det manglar samanstilling og tolking p\u00e5 noko av materialet.<\/p>\n<p><strong>Jostedalskartet<br \/>\n<\/strong>Det er gjort eit godt grunnarbeid med kartet av \u00c5ne Elgersma. Bj\u00f8rn Inge Fossen har sagt seg viljug til \u00e5 st\u00f8 opp om arbeidet slik at det kan gjerast ferdig s\u00e5 snart som mogleg.<\/p>\n<p><strong>Bygningar<br \/>\n<\/strong>Berget, Kvernhuset og skulehuset har kart seg utan st\u00f8rre vedlikehald.<\/p>\n<p><strong>Eigen nettstad<br \/>\n<\/strong>Jostedal Historielag har eiga heimeside. Oddmund L. Hoel er redakt\u00f8r og adressa er: <a href=\"http:\/\/www.historielaget.jostedal.no\">http:\/\/www.historielaget.jostedal.no<\/a><\/p>\n","protected":false},"excerpt":{"rendered":"<p>Godkjend p\u00e5 \u00e5rsm\u00f8tet 12. mars 2009<\/p>\n","protected":false},"author":2,"featured_media":0,"comment_status":"open","ping_status":"open","sticky":false,"template":"","format":"standard","meta":{"ngg_post_thumbnail":0,"footnotes":""},"categories":[10],"tags":[],"class_list":["post-288","post","type-post","status-publish","format-standard","hentry","category-arsmeldingar"],"_links":{"self":[{"href":"https:\/\/www.historielaget.jostedal.no\/index.php?rest_route=\/wp\/v2\/posts\/288","targetHints":{"allow":["GET"]}}],"collection":[{"href":"https:\/\/www.historielaget.jostedal.no\/index.php?rest_route=\/wp\/v2\/posts"}],"about":[{"href":"https:\/\/www.historielaget.jostedal.no\/index.php?rest_route=\/wp\/v2\/types\/post"}],"author":[{"embeddable":true,"href":"https:\/\/www.historielaget.jostedal.no\/index.php?rest_route=\/wp\/v2\/users\/2"}],"replies":[{"embeddable":true,"href":"https:\/\/www.historielaget.jostedal.no\/index.php?rest_route=%2Fwp%2Fv2%2Fcomments&post=288"}],"version-history":[{"count":6,"href":"https:\/\/www.historielaget.jostedal.no\/index.php?rest_route=\/wp\/v2\/posts\/288\/revisions"}],"predecessor-version":[{"id":1752,"href":"https:\/\/www.historielaget.jostedal.no\/index.php?rest_route=\/wp\/v2\/posts\/288\/revisions\/1752"}],"wp:attachment":[{"href":"https:\/\/www.historielaget.jostedal.no\/index.php?rest_route=%2Fwp%2Fv2%2Fmedia&parent=288"}],"wp:term":[{"taxonomy":"category","embeddable":true,"href":"https:\/\/www.historielaget.jostedal.no\/index.php?rest_route=%2Fwp%2Fv2%2Fcategories&post=288"},{"taxonomy":"post_tag","embeddable":true,"href":"https:\/\/www.historielaget.jostedal.no\/index.php?rest_route=%2Fwp%2Fv2%2Ftags&post=288"}],"curies":[{"name":"wp","href":"https:\/\/api.w.org\/{rel}","templated":true}]}}