{"id":293,"date":"2009-03-31T22:21:39","date_gmt":"2009-03-31T20:21:39","guid":{"rendered":"http:\/\/www.historielaget.jostedal.no\/?p=293"},"modified":"2011-05-27T14:40:19","modified_gmt":"2011-05-27T12:40:19","slug":"arbeidsplan-for-2009","status":"publish","type":"post","link":"https:\/\/www.historielaget.jostedal.no\/?p=293","title":{"rendered":"Arbeidsplan for 2009"},"content":{"rendered":"<p>Vedteke p\u00e5 \u00e5rsm\u00f8tet 12. mars 2009<!--more-->\u00a0<\/p>\n<p>1.\u00a0Jostedal Historielag vil, samen med andre lag i Dalen \/ Kommunen, markere Kulturminne\u00e5ret med ei tilskiping p\u00e5 Nigardsgrandane i juni. D\u00e5 skal kverni, som laget r\u00e5r over, visast fram og ein kan f\u00e5 sj\u00e5 korleis kornet ver male. Mj\u00f8let skal brukast til \u00e5 koke graut og til andre godsaker.<\/p>\n<p>2.\u00a0Utstilling av arbeider etter Sjur Hesjevoll. Utstillingen er tenkt \u00e5 haldast i samband\u00a0\u00a0med marknadshelgi i slutten av juli. Den n\u00e6raste familie etter Sjur er sv\u00e6rt interesserte i dette tiltak og vil registrere og l\u00e5ne ut arbeider til utstillingen og i det heile hjelpe til.<\/p>\n<p>3.\u00a0Stadnamnprosjektet. Materialet m\u00e5 gjerast ferdig slik at det kan registrerast i Fylkesarkivet og verte tilgjengeleg p\u00e5 nettet.<\/p>\n<p>4.\u00a0Stadnamndag. Jostedal Historielag o.a. vil arrangere ein stadnamntur ( i august \/ september) opp over\u00a0 Jostedalen. Det er rekna med ein buss som tek 50 personar. Turen startar i Hus\u00f8y og kj\u00f8rer til Bergset. Det vert mange stopp opp over Dalen og lokalkjente folk vil fortelje om stadnamn og soger som er knytte til desse.<\/p>\n<p>5.\u00a0Skilting \/ informasjonstavler p\u00e5 vegen: Espe \u2013 Elvekrok. Det manglar \u00e5 gjere ferdig\u00a0nokre tavler f\u00f8r oppsetjinga kan ta til.<\/p>\n<p>6.\u00a0Alle bygningar som Laget r\u00e5r over m\u00e5 haldast vedlike.<\/p>\n<p>7.\u00a0Arkeologiprosjektet. Me reknar med at Universitetet i Bergen vert ferdige med prosjektet i \u00e5r.<\/p>\n<p>8.\u00a0Det vert arbeidt vidare med Jostedalskartet.<\/p>\n<p>9.\u00a0Anna viktig aktivitet.<\/p>\n","protected":false},"excerpt":{"rendered":"<p>Vedteke p\u00e5 \u00e5rsm\u00f8tet 12. mars 2009<\/p>\n","protected":false},"author":2,"featured_media":0,"comment_status":"open","ping_status":"open","sticky":false,"template":"","format":"standard","meta":{"ngg_post_thumbnail":0,"footnotes":""},"categories":[18],"tags":[],"class_list":["post-293","post","type-post","status-publish","format-standard","hentry","category-arbeidsplanar"],"_links":{"self":[{"href":"https:\/\/www.historielaget.jostedal.no\/index.php?rest_route=\/wp\/v2\/posts\/293","targetHints":{"allow":["GET"]}}],"collection":[{"href":"https:\/\/www.historielaget.jostedal.no\/index.php?rest_route=\/wp\/v2\/posts"}],"about":[{"href":"https:\/\/www.historielaget.jostedal.no\/index.php?rest_route=\/wp\/v2\/types\/post"}],"author":[{"embeddable":true,"href":"https:\/\/www.historielaget.jostedal.no\/index.php?rest_route=\/wp\/v2\/users\/2"}],"replies":[{"embeddable":true,"href":"https:\/\/www.historielaget.jostedal.no\/index.php?rest_route=%2Fwp%2Fv2%2Fcomments&post=293"}],"version-history":[{"count":3,"href":"https:\/\/www.historielaget.jostedal.no\/index.php?rest_route=\/wp\/v2\/posts\/293\/revisions"}],"predecessor-version":[{"id":1750,"href":"https:\/\/www.historielaget.jostedal.no\/index.php?rest_route=\/wp\/v2\/posts\/293\/revisions\/1750"}],"wp:attachment":[{"href":"https:\/\/www.historielaget.jostedal.no\/index.php?rest_route=%2Fwp%2Fv2%2Fmedia&parent=293"}],"wp:term":[{"taxonomy":"category","embeddable":true,"href":"https:\/\/www.historielaget.jostedal.no\/index.php?rest_route=%2Fwp%2Fv2%2Fcategories&post=293"},{"taxonomy":"post_tag","embeddable":true,"href":"https:\/\/www.historielaget.jostedal.no\/index.php?rest_route=%2Fwp%2Fv2%2Ftags&post=293"}],"curies":[{"name":"wp","href":"https:\/\/api.w.org\/{rel}","templated":true}]}}