{"id":3166,"date":"2014-03-06T23:26:57","date_gmt":"2014-03-06T21:26:57","guid":{"rendered":"http:\/\/www.historielaget.jostedal.no\/?p=3166"},"modified":"2015-02-24T00:38:19","modified_gmt":"2015-02-23T22:38:19","slug":"arsmelding-2013-for-jostedal-historielag","status":"publish","type":"post","link":"https:\/\/www.historielaget.jostedal.no\/?p=3166","title":{"rendered":"\u00c5rsmelding 2013 for Jostedal historielag"},"content":{"rendered":"<p>Godkjend p\u00e5 \u00e5rsm\u00f8tet 6.3.2014.<\/p>\n<p>[<a href=\"http:\/\/www.historielaget.jostedal.no\/wordpress\/wp-content\/upLoads\/\u00c5rsmelding-for-2013.-2014-02-06.pdf\">\u00c5rsmeldinga i pdf<\/a>]<!--more--><\/p>\n<p><strong>\u00c5rsm\u00f8tet<\/strong> vart halde den 7. mars 2013, p\u00e5 Jostedal Hotell.<\/p>\n<p><strong>Val.<\/strong> Aud Foss\u00f8y og Oddmund L. Hoel var p\u00e5 val og tok attval for 2 nye \u00e5r i styret, og Olav St\u00f8len i eitt som leiar. Revisor og medlemmer i Valnemnda tok attval for tvo nye \u00e5r. Liv Espe ynskte \u00e5 tre ut av tilsynet med Berget, og i staden gikk Einar Blikra inn.<\/p>\n<p>Styret og nemnder etter val:<br \/>\nLeiar: Olav St\u00f8len<br \/>\nKasserar: Aud Foss\u00f8y<br \/>\nSekret\u00e6r: Oddmund L. Hoel<br \/>\nStyremedlem: Lars Neset<br \/>\nStyremedlem: Einar Blikra<br \/>\nVaramedlemer: Liv Espe og Harald Haugen<\/p>\n<p>Valnemnd: Kristen Ormberg og \u00c5ne Elgersma<br \/>\nRevisor: Gunnar Ruud<br \/>\nTilsyn med Berget: Einar Blikra, Lars Neset og Harald Haugen<br \/>\nTilsyn med Kverni: Alfred Tuften<br \/>\nTilsyn med Skulehuset: \u00c5ne Elgersma<br \/>\nBoknemnd: Olav St\u00f8len og Kristen Ormberg<\/p>\n<p><strong>Berget.<\/strong><br \/>\nOm kvelden den 18. juni var det dugnad i Berget. Det vart rydda og slege\u00a0 rundt husi, sopt og vaska i stova. S\u00e5 fint det vart og s\u00e5 godt som kaffien smakte etter alt strev!<\/p>\n<p><strong>Skulehuset.<\/strong><br \/>\nFekk seg ei skikkeleg oppussing i fjor sommar. Heile huset vart vaska, skrapa og m\u00e5lt oppatt med kvit god m\u00e5ling. Det var Lise Aasen som gjorde det meste av arbeidet.<\/p>\n<p><strong>Kverni.<\/strong><br \/>\nK\u00e5re Reidar Aasen stod for arbeidet med \u00e5 lage ei solid luke for enden av vassveiti, slik at det ikkje vert for stor vassf\u00f8ring n\u00e5r elvi er stor. P\u00e5 sj\u00f8lve kverni vart l\u00f8ftestokken for \u00f8vste kvernsteinen mura skikkeleg fast og steinane kan stillast i h\u00f8ve til kvarandre. Med dette arbeidet er kverni i god stand og kan vere i drift p\u00e5 kort varsel.<\/p>\n<p><strong>Stadnamnprosjektet.<\/strong><br \/>\nStadnamninnsamlingi for Jostedalen er, hovudsakleg, gjort ferdig og levert til Fylkesarkivet. Det kan d\u00e5 komme p\u00e5 tale med litt \u00abfinpussing\u00bb om uttale av namn m.m. Fylkesarkivet har allereie digitalisert\u00a0 mange namn og lagt dei inn p\u00e5 kart. Her kan ein g\u00e5 inn p\u00e5: http:\/\/www.fylkesatlas.no eller p\u00e5 http:\/\/www.fylkesarkiv.no. Kniper det med \u00e5 finne fram p\u00e5 nettet, kan ein ringe til Randi Melv\u00e6r \/Fylkesarkivet for hjelp p\u00e5 telefon: 57 65 64 00.<\/p>\n<p>I slutten av \u00e5ret \u00a0er det planen \u00e5 halde ei fellesm\u00f8te om stadnamnprosjektet for heile kommunen. Her vil Fylkesarkivet ogs\u00e5 delta.<\/p>\n<p><strong>Nye adresser i Kommunen.<br \/>\n<\/strong>Kommunen er, etter p\u00e5legg fr\u00e5 Kommunal- og moderniseringsdepartementet, i gang med \u00e5 innf\u00f8re nye digitale adresser, og d\u00e5 m\u00e5 vegane namnsetjast. Kristen Ormberg og Olav St\u00f8len deltek i dette arbeid.<\/p>\n<p><strong>Rydding av Gamlevegen, strekninga\u00a0 Ormbergst\u00f8l til H\u00f8gebrui.<\/strong><br \/>\nLaget fekk i 2013 st\u00f8nad fr\u00e5 SMIL-midlane (Luster Kommune) p\u00e5 17.000, &#8211; kr. til dette prosjekt. K\u00e5re Reidar Aasen har teke p\u00e5 seg det grove arbeidet, og ein del rydding er allereie gjort.<\/p>\n<p><strong>Tur til Vigdalen.<\/strong><br \/>\nJostedal historielag skipa til fottur 9. juni opp den gamle ferdslevegen fr\u00e5 Ormbergst\u00f8len til Vigdalen. Turleiar var Kristen Ormberg. I det gamle skulehuset i Vigdalen m\u00f8tte josted\u00f8lene eit turfylgje fr\u00e5 Luster sogelag som hadde g\u00e5tt opp fr\u00e5 Kilen. I skulehuset var det servering og program med dei gamle skulesongane ved Indre Hafslo Spelemannslag.<\/p>\n<p><strong>Ivar Aasen \u2013 200 \u00e5rsjubileum.<\/strong><br \/>\nIvar Aasen vart f\u00f8dd 5. august 1813. Jostedal Historielag markerte jubileet med ei tilstelling i Skulehuset den 19. september. Tilstellingi starta med \u00e5 rydde opp rundt eit n\u00e5m\u00e5lt hus og med \u00e5 lage til tvo nye og st\u00f8dige sitjeplassar.<\/p>\n<p>Inne i skulestova og i skulehuskammerset dufta det det av kaffi og gode saker. Den gamle oljelampen var pussa og tent og fekk hjelp av mange lys. Heitt og godt var det ogs\u00e5 takka vere ein ny oljeomn. Det var h\u00f8gtid i stova d\u00e5 me starta. Olav Grov leia songen og fekk god st\u00f8tte av Else Marie Haugen og Arvid Elvekrok. Ja, knapt har vel \u00abMellom Bakker og Berg\u2026\u00bb ljoma betre i denne skulestova! Og fleire songar av Ivar vart det f\u00f8r Oddmund Hoel gav oss eit sv\u00e6rt interessant foredrag om spr\u00e5kforskaren, diktaren, botanikaren og nasjonbyggjaren Ivar Aasen. Me fekk ogs\u00e5 h\u00f8yre at i 1855 var Ivar\u00a0 i Jostedalen p\u00e5 ei kort vitjing. Det vart berre med denne eine, for noko stort inntrykk fekk han vist ikkje av dalen og m\u00e5let v\u00e5rt. Oddmund retta litt opp p\u00e5 det negative med \u00e5 sl\u00e5 fast at Ivar Aasen godt \u00a0kunne vori f\u00f8dd i Jostedalen i staden for i \u00d8rsta! So god var stemningi i skulestova at det vart seine kvelden f\u00f8r me drakk den siste kaffikoppen og tok p\u00e5 heimvegen.<\/p>\n<p><strong>St\u00f8nad i 2013.<\/strong><br \/>\nLaget har f\u00e5tt st\u00f8nad fr\u00e5 Luster Sparebank (15.000,- Kr.), fr\u00e5 Luster Kommune (12.500,- Kr.) og fr\u00e5 SMIL-midlar (17.000,- kr.).<\/p>\n","protected":false},"excerpt":{"rendered":"<p>Godkjend p\u00e5 \u00e5rsm\u00f8tet 6.3.2014. [\u00c5rsmeldinga i pdf]<\/p>\n","protected":false},"author":2,"featured_media":0,"comment_status":"open","ping_status":"open","sticky":false,"template":"","format":"standard","meta":{"ngg_post_thumbnail":0,"footnotes":""},"categories":[10],"tags":[],"class_list":["post-3166","post","type-post","status-publish","format-standard","hentry","category-arsmeldingar"],"_links":{"self":[{"href":"https:\/\/www.historielaget.jostedal.no\/index.php?rest_route=\/wp\/v2\/posts\/3166","targetHints":{"allow":["GET"]}}],"collection":[{"href":"https:\/\/www.historielaget.jostedal.no\/index.php?rest_route=\/wp\/v2\/posts"}],"about":[{"href":"https:\/\/www.historielaget.jostedal.no\/index.php?rest_route=\/wp\/v2\/types\/post"}],"author":[{"embeddable":true,"href":"https:\/\/www.historielaget.jostedal.no\/index.php?rest_route=\/wp\/v2\/users\/2"}],"replies":[{"embeddable":true,"href":"https:\/\/www.historielaget.jostedal.no\/index.php?rest_route=%2Fwp%2Fv2%2Fcomments&post=3166"}],"version-history":[{"count":3,"href":"https:\/\/www.historielaget.jostedal.no\/index.php?rest_route=\/wp\/v2\/posts\/3166\/revisions"}],"predecessor-version":[{"id":3170,"href":"https:\/\/www.historielaget.jostedal.no\/index.php?rest_route=\/wp\/v2\/posts\/3166\/revisions\/3170"}],"wp:attachment":[{"href":"https:\/\/www.historielaget.jostedal.no\/index.php?rest_route=%2Fwp%2Fv2%2Fmedia&parent=3166"}],"wp:term":[{"taxonomy":"category","embeddable":true,"href":"https:\/\/www.historielaget.jostedal.no\/index.php?rest_route=%2Fwp%2Fv2%2Fcategories&post=3166"},{"taxonomy":"post_tag","embeddable":true,"href":"https:\/\/www.historielaget.jostedal.no\/index.php?rest_route=%2Fwp%2Fv2%2Ftags&post=3166"}],"curies":[{"name":"wp","href":"https:\/\/api.w.org\/{rel}","templated":true}]}}