{"id":3174,"date":"2014-03-07T23:45:08","date_gmt":"2014-03-07T21:45:08","guid":{"rendered":"http:\/\/www.historielaget.jostedal.no\/?p=3174"},"modified":"2015-03-18T22:43:23","modified_gmt":"2015-03-18T20:43:23","slug":"arbeidsplan-2014","status":"publish","type":"post","link":"https:\/\/www.historielaget.jostedal.no\/?p=3174","title":{"rendered":"Arbeidsplan for 2014"},"content":{"rendered":"<p>Vedteken p\u00e5 \u00e5rsm\u00f8tet 6. mars 2014.<!--more--><\/p>\n<p>1. Berget. JH har f\u00e5tt eit fyrste utkast fr\u00e5 Geir Vetti om ein samla plan for restaurering\/vedlikehald av husi, inklusiv jordkjellarar. Styret i JH vil, s\u00e5 snart som mogleg, sj\u00e5 p\u00e5 dette utkastet og vurdere kva som er realistisk \u00e5 ta fatt i. Elles er det viktig med det \u00e5rlege vedlikehaldet og tilsynet v\u00e5r og haust, herunder sl\u00e5tt og rydding rundt husi. Her kallar dei som har tilsynet inn til dugnadsarbeid og hyggeleg samv\u00e6r!<\/p>\n<p>2. Kverni. Ut over vanleg tilsyn skulle kverni ikkje krevje det store arbeidet i \u00e5r. Den som har tilsynet tek hand om dette og kallar til dugnad og sosialt samv\u00e6r.<\/p>\n<p>3. Skulehuset. Som for kverni.<\/p>\n<p>4. Stadnamnprosjektet. JH arbeider vidare, saman med dei andre sogelagi og Fylkesarkivet. Det er god framdrift i prosjektet, og det er tanken \u00e5 f\u00e5 p\u00e5 plass eit &laquo;oppsummeringsm\u00f8te&raquo; i november. P\u00e5 dette m\u00f8tet vert det vist omr\u00e5de fr\u00e5 Jostedalen, Hafslo og Luster, der stadnamni er digitaliserte og lagde inn p\u00e5 kart.<\/p>\n<p>5. Opprydding p\u00e5 Gamlevegen fr\u00e5 Ormbergst\u00f8l \u2013 H\u00f8gebrui. Arbeidet er i gang med god st\u00f8tte fr\u00e5 K\u00e5re Reidar Aasen. Det er eit stort arbeid, og han kallar til dugnad.<\/p>\n<p>6. Vegsoge om Jostedalen. Saman med Per Birger Lomheim fortset JH arbeidet.<\/p>\n<p>7. Dalen og elvi. Arne Aasen Hauge vil gjerne f\u00e5 hjelp fr\u00e5 JH med informasjonsmateriale ved Flaummerket. Under tittelen &laquo;Dalen og elvi&raquo; er det s\u00f8kt om st\u00f8tte fr\u00e5 kommunen til \u00e5 f\u00e5 tak i gamle bilete som viser korleis elvi &laquo;styrde&raquo; dalen fr\u00e5 gamalt og opp til v\u00e5re dagar. Det er i fyrste omgang plan om \u00e5 lage ei stor tavle, med slike bilete, med kort tekst til og p\u00e5 to spr\u00e5k.<\/p>\n<p>8.\u00a0Tilskiping.<\/p>\n<p>Grunnlovsjubileet. JH vil markere dette med ei tilstelling i Berget torsdag den 19. september kl. 18. Alle detaljar i programmet er ikkje p\u00e5 plass, men Oddmund L. Hoel vil halde eit innlegg om kva Grunnlova har betydd for landet v\u00e5rt.<\/p>\n<p>Turar. JH vil arrangere to turar\/samv\u00e6r. Ein vert fr\u00e5 Krokgjelet-\u00c5sen til Bruheim, og den andre fr\u00e5 Espe til Elvekrok. Det vert i mai\/juni, men dato er ikkje fastlagd enno.<\/p>\n<p>8. Anna aktivitet. Utover dei planlagde aktivitetar dukkar det alltid opp arbeid \/ tilskipingar som laget m\u00e5 ta del i.<\/p>\n","protected":false},"excerpt":{"rendered":"<p>Vedteken p\u00e5 \u00e5rsm\u00f8tet 6. mars 2014.<\/p>\n","protected":false},"author":2,"featured_media":0,"comment_status":"open","ping_status":"open","sticky":false,"template":"","format":"standard","meta":{"ngg_post_thumbnail":0,"footnotes":""},"categories":[18],"tags":[],"class_list":["post-3174","post","type-post","status-publish","format-standard","hentry","category-arbeidsplanar"],"_links":{"self":[{"href":"https:\/\/www.historielaget.jostedal.no\/index.php?rest_route=\/wp\/v2\/posts\/3174","targetHints":{"allow":["GET"]}}],"collection":[{"href":"https:\/\/www.historielaget.jostedal.no\/index.php?rest_route=\/wp\/v2\/posts"}],"about":[{"href":"https:\/\/www.historielaget.jostedal.no\/index.php?rest_route=\/wp\/v2\/types\/post"}],"author":[{"embeddable":true,"href":"https:\/\/www.historielaget.jostedal.no\/index.php?rest_route=\/wp\/v2\/users\/2"}],"replies":[{"embeddable":true,"href":"https:\/\/www.historielaget.jostedal.no\/index.php?rest_route=%2Fwp%2Fv2%2Fcomments&post=3174"}],"version-history":[{"count":3,"href":"https:\/\/www.historielaget.jostedal.no\/index.php?rest_route=\/wp\/v2\/posts\/3174\/revisions"}],"predecessor-version":[{"id":3197,"href":"https:\/\/www.historielaget.jostedal.no\/index.php?rest_route=\/wp\/v2\/posts\/3174\/revisions\/3197"}],"wp:attachment":[{"href":"https:\/\/www.historielaget.jostedal.no\/index.php?rest_route=%2Fwp%2Fv2%2Fmedia&parent=3174"}],"wp:term":[{"taxonomy":"category","embeddable":true,"href":"https:\/\/www.historielaget.jostedal.no\/index.php?rest_route=%2Fwp%2Fv2%2Fcategories&post=3174"},{"taxonomy":"post_tag","embeddable":true,"href":"https:\/\/www.historielaget.jostedal.no\/index.php?rest_route=%2Fwp%2Fv2%2Ftags&post=3174"}],"curies":[{"name":"wp","href":"https:\/\/api.w.org\/{rel}","templated":true}]}}