{"id":3190,"date":"2015-03-18T22:09:54","date_gmt":"2015-03-18T20:09:54","guid":{"rendered":"http:\/\/www.historielaget.jostedal.no\/?p=3190"},"modified":"2015-03-19T09:45:35","modified_gmt":"2015-03-19T07:45:35","slug":"arsmelding-2014-for-jostedal-historielag","status":"publish","type":"post","link":"https:\/\/www.historielaget.jostedal.no\/?p=3190","title":{"rendered":"\u00c5rsmelding 2014 for Jostedal historielag"},"content":{"rendered":"<p>Godkjend p\u00e5 \u00e5rsm\u00f8tet 18.3.2015.<!--more--><\/p>\n<p>[<a href=\"http:\/\/www.historielaget.jostedal.no\/wordpress\/wp-content\/upLoads\/\u00c5rsmelding-2014.pdf\">\u00c5rsmeldinga i pdf]<\/a><\/p>\n<p><strong>\u00c5rsm\u00f8tet<\/strong> vart halde den 6. mars 2014, p\u00e5 Jostedal Hotell.<\/p>\n<p><strong>Val.<\/strong> Einar Blikra, Lars Neset og Olav St\u00f8len var p\u00e5 val og tok attval for 2 nye \u00e5r i styret, og Olav St\u00f8len i eitt \u00e5r som leiar. Harald Haugen ynskte \u00e5 tre ut styret, som varamann\u00a0 og i tilsynet med Berget, \u00a0i staden vart Arne Aasen Hauge vald.<\/p>\n<p>Styret og nemnder etter valet:<br \/>\nLeiar: Olav St\u00f8len<br \/>\nKasserar: Aud Foss\u00f8y<br \/>\nSekret\u00e6r: Oddmund L. Hoel<br \/>\nStyremedlem: Einar Blikra<br \/>\nStyremedlem: Lars Neset<br \/>\nVaramedlemer: Arne Aasen Hauge og\u00a0 Liv Espe<\/p>\n<p>Valnemnd: Kristen Ormberg og \u00c5ne Elgersma<br \/>\nRevisor: Gunnar Ruud<br \/>\nTilsyn med Berget: Liv Espe, Einar Blikra, Lars Neset og Arne Aasen Hauge<br \/>\nTilsyn med Kverni: Alfred Tuften og Olav St\u00f8len<br \/>\nTilsyn med Skulehuset: \u00c5ne Elgersma<br \/>\nBoknemnd: Kristen Ormberg og Olav St\u00f8len<\/p>\n<p><strong>Berget.<\/strong><br \/>\nP\u00e5 \u00e5rsm\u00f8tet 2014 orienterte leiaren om planen (med \u00f8konomisk overslag) for restaurering av Berget som Geirr Vetti har utarbeidd p\u00e5 oppdrag fr\u00e5 historielaget. Det er no 14 \u00e5r att av leigeavtala mellom historielaget og eigarar av Berget. Det er for kort tid med omsyn til \u00e5 s\u00f8kje midlar til ei omfattande restaurering. Historielaget er difor i samtale med eigarane om ei meir langsiktig ordning, eventuelt ei stifting. Desse samtalane er ikkje avslutta.<\/p>\n<p><strong>Markering av Grunnlovsjubileet<\/strong> vart halden i Berget den 12. juni.\u00a0 Det var rydda og pussa fint opp rundt husa og inne i storstova. Asbj\u00f8rg Ormberg og Peder Foss\u00f8y sytte for vakker musikk og song kvelden igjennom, og ikkje bere for song, men ogs\u00e5 til dans. S\u00e5 fortalde Oddmund L\u00f8kensgard Hoel om val av valmenn fr\u00e5 Jostedalen og om ein styggsint prest som ikkje vart vald! Kaffi og nysteikte hellekaker smakte serdeles godt. Og s\u00e5 snakka Olav St\u00f8len om den smukke danske prins; Christian Frederik, som kom til Noreg og var hovudmannen p\u00e5 Eidsvoll i april- mai dagane i 1814. Den 17. mai vart han vald til Noregs Konge. Dessverre vart det berre ei kort tid han fekk regjere, for ut p\u00e5 hauste 1814 m\u00e5tte han gje seg for svenskane og reise tilbake til Danmark.<\/p>\n<p><strong>Bunadsskatten.<\/strong> P\u00e5 oppdrag fr\u00e5 historielaget har Kjellrun Elvekrok restaurert st\u00f8lene til bunadsbeltet som vart funne p\u00e5 branntomta til Breheimsenteret. Utruleg nok manglar berre \u00e9i av st\u00f8lene.<\/p>\n<p><strong>Stadnamnprosjektet. \u00a0<\/strong>Dei tre sogelagi i kommunen har hatt sv\u00e6rt godt samarbeid med\u00a0 Fylkesarkivet med sikte p\u00e5 \u00e5 digitalisera og kartfeste registrerte stadnamn. For \u00e5 f\u00e5 ei oppsummering og gje ei tilbakemelding til alle dei som har lagt arbeid i dette store prosjektet, vart \u00a0det 11. februar halde eit fellesm\u00f8te p\u00e5 R\u00e5dhuset. Her fekk 45 deltakarar eit godt innblikk i arbeidet. Randi Melv\u00e6r, Fylkesarkivet og Jo Tor Kristoffersen, Fylkesatlaset viste korleis ein n\u00e5 kan g\u00e5 inn p\u00e5 PC-en og plukke fram stadnamn og orientere seg p\u00e5 kartet.\u00a0 Randi Melv\u00e6r opplyste at om lag 20\u00a0000 namn er registrerte i Luster Kommune og at ca. halvparten er digitaliserte og kartfesta. Mei om m\u00f8tet kjem i neste Lustranytt.<\/p>\n<p>Stadnamna finn ein p\u00e5 <a href=\"http:\/\/www.fylkesarkiv.no\">http:\/\/www.fylkesarkiv.no.<\/a> Knip det med \u00e5 orientere seg p\u00e5 nettet, kan ein ringje til Randi Melv\u00e6r\/Fylkesarkivet for hjelp p\u00e5 telefon: 5765 6400.<\/p>\n<p><strong>Nye adresser i Kommunen. \u00a0<\/strong>Kommunen er, etter p\u00e5legg fr\u00e5 Kommunal- og moderniseringsdepartementet, i gang med \u00e5 innf\u00f8re nye digitale adresser, og d\u00e5 m\u00e5 vegane namnsetjast. Kristen Ormberg og Olav St\u00f8len har teke del i dette arbeid. Materialet har vore ute til h\u00f8yring.<\/p>\n<p><strong>St\u00f8nad i 2014.<\/strong> Laget har f\u00e5tt st\u00f8nad fr\u00e5 Luster Sparebank (20.000,\u2013 kr), fr\u00e5 Luster Kommune (5000,\u2013 kr) og fr\u00e5 SMIL-midlar (78,500,\u2013 kr). JH er sv\u00e6rt takksam for denne rause st\u00f8nad.<\/p>\n<p><strong>Eigen nettstad. \u00a0<\/strong>Heimesida til Jostedal Historielag (Oddmund L. Hoel er redakt\u00f8r) finn ein p\u00e5: <a href=\"http:\/\/www.historielaget.jostedal.no\">http:\/\/www.historielaget.jostedal.no<\/a><\/p>\n<p>&nbsp;<\/p>\n","protected":false},"excerpt":{"rendered":"<p>Godkjend p\u00e5 \u00e5rsm\u00f8tet 18.3.2015.<\/p>\n","protected":false},"author":2,"featured_media":0,"comment_status":"open","ping_status":"open","sticky":false,"template":"","format":"standard","meta":{"ngg_post_thumbnail":0,"footnotes":""},"categories":[10],"tags":[],"class_list":["post-3190","post","type-post","status-publish","format-standard","hentry","category-arsmeldingar"],"_links":{"self":[{"href":"https:\/\/www.historielaget.jostedal.no\/index.php?rest_route=\/wp\/v2\/posts\/3190","targetHints":{"allow":["GET"]}}],"collection":[{"href":"https:\/\/www.historielaget.jostedal.no\/index.php?rest_route=\/wp\/v2\/posts"}],"about":[{"href":"https:\/\/www.historielaget.jostedal.no\/index.php?rest_route=\/wp\/v2\/types\/post"}],"author":[{"embeddable":true,"href":"https:\/\/www.historielaget.jostedal.no\/index.php?rest_route=\/wp\/v2\/users\/2"}],"replies":[{"embeddable":true,"href":"https:\/\/www.historielaget.jostedal.no\/index.php?rest_route=%2Fwp%2Fv2%2Fcomments&post=3190"}],"version-history":[{"count":2,"href":"https:\/\/www.historielaget.jostedal.no\/index.php?rest_route=\/wp\/v2\/posts\/3190\/revisions"}],"predecessor-version":[{"id":3202,"href":"https:\/\/www.historielaget.jostedal.no\/index.php?rest_route=\/wp\/v2\/posts\/3190\/revisions\/3202"}],"wp:attachment":[{"href":"https:\/\/www.historielaget.jostedal.no\/index.php?rest_route=%2Fwp%2Fv2%2Fmedia&parent=3190"}],"wp:term":[{"taxonomy":"category","embeddable":true,"href":"https:\/\/www.historielaget.jostedal.no\/index.php?rest_route=%2Fwp%2Fv2%2Fcategories&post=3190"},{"taxonomy":"post_tag","embeddable":true,"href":"https:\/\/www.historielaget.jostedal.no\/index.php?rest_route=%2Fwp%2Fv2%2Ftags&post=3190"}],"curies":[{"name":"wp","href":"https:\/\/api.w.org\/{rel}","templated":true}]}}