{"id":3194,"date":"2015-03-18T22:38:25","date_gmt":"2015-03-18T20:38:25","guid":{"rendered":"http:\/\/www.historielaget.jostedal.no\/?p=3194"},"modified":"2015-03-19T09:44:48","modified_gmt":"2015-03-19T07:44:48","slug":"arbeidsplan-for-2015","status":"publish","type":"post","link":"https:\/\/www.historielaget.jostedal.no\/?p=3194","title":{"rendered":"Arbeidsplan for 2015"},"content":{"rendered":"<p>Vedteken p\u00e5 \u00e5rsm\u00f8tet 18. mars 2015.<!--more--><\/p>\n<p>1.\u00a0\u00a0\u00a0\u00a0\u00a0 Berget. JH sende, i november siste \u00e5r ei skriftleg utgreiing til eigarane om restaurering og framtidig langsiktig leigeavtale om Berget. Denne delen m\u00e5 p\u00e5 plass f\u00f8r det kan setjast i gang med st\u00f8rre tiltak. Laget vil gje prioritet til\u00a0 \u00e5 f\u00e5 ei avgjerd p\u00e5 plass s\u00e5 snart som mogleg.<\/p>\n<p>Elles er det viktig med det \u00e5rlege vedlikehaldet og tilsynet v\u00e5r og haust, herunder sl\u00e5tt og rydding rundt husi. Dei som har tilsynet, kallar inn til dugnadsarbeid og hyggeleg samv\u00e6r!<\/p>\n<p>2.\u00a0\u00a0\u00a0\u00a0\u00a0 Kverni. Der er ein del mindre utbetringar p\u00e5 lukene n\u00e6rmast kverni, men ut over dette skulle kverni ikkje krevje det store arbeidet i \u00e5r.<\/p>\n<p>3.\u00a0\u00a0\u00a0\u00a0\u00a0 Skulehuset. Her er det og tale om vanleg vedlikehald og rydding og sl\u00e5tt rundt p\u00e5 tomten. Ansvarleg kallar inn til dugnad.<\/p>\n<p>4.\u00a0\u00a0\u00a0\u00a0\u00a0 Stadnamnprosjektet. For JH vil arbeidet ikkje vere s\u00e5 omfattande som i tidlegare \u00e5r.<\/p>\n<p>5.\u00a0\u00a0\u00a0\u00a0\u00a0 Opprydding p\u00e5 Gamlevegen fr\u00e5 Ormbergst\u00f8l til H\u00f8gebrui. Arbeidet er i gang, og det er rydda mellom \u00c5sen og Bruheim. I \u00e5r er det strekninga fr\u00e5 Ormbergst\u00f8l til \u00c5sen og fr\u00e5 Bruheim til H\u00f8gebrui som m\u00e5 ryddast. (Tilskot fr\u00e5 Kommunen p\u00e5 15.000,-kr.)<\/p>\n<p>6.\u00a0\u00a0\u00a0\u00a0\u00a0 Fossabrui. Er kanskje den eldste brui i Dalen og sv\u00e6rt viktig for den gamle ferdavegen p\u00e5 austsida. Den krev no restaurering, og til det har me f\u00e5tt raus st\u00f8tte i SMIL- midlar (78.500,- kr), men ikkje nok til \u00abfullfinansering\u00bb Det er sv\u00e6rt viktig \u00e5 f\u00e5 gjort dette arbeidet, og me m\u00e5 finne ei l\u00f8ysing p\u00e5 \u00f8konomien.<\/p>\n<p>7.\u00a0\u00a0\u00a0\u00a0\u00a0 Dalen og Elvi. Ved Flaummerket i Foss\u00f8ygjelet\u00a0 vil Arne Aasen Hauge ha ei tavle med \u00a0informasjons om jordbruket i Dalen omkring 1900. Arbeidet er i gang. (Tilskot fr\u00e5 Kommunen p\u00e5 5000,- kr.)<\/p>\n<p>8.\u00a0\u00a0\u00a0\u00a0\u00a0 Tilskiping.<\/p>\n<p>JH. har kvart \u00e5r hatt ei tilskiping om eit aktuelt tema. D\u00e5 ovannemnde\u00a0 aktivitetar krev mykje arbeid, har Laget enno ikkje teke stilling til denne aktiviteten.<\/p>\n<p>9.\u00a0\u00a0\u00a0\u00a0\u00a0 Turar. Ut p\u00e5 v\u00e5ren og i samband med ryddearbeidet vil JH arrangere aktuelle turar.<\/p>\n<p>10.\u00a0 Anna aktivitet. Utover dei planlagde aktivitetane dukkar det alltid opp arbeid \/ aktivitetar\/tilskipingar som Laget m\u00e5 ta del i.<\/p>\n","protected":false},"excerpt":{"rendered":"<p>Vedteken p\u00e5 \u00e5rsm\u00f8tet 18. mars 2015.<\/p>\n","protected":false},"author":2,"featured_media":0,"comment_status":"open","ping_status":"open","sticky":false,"template":"","format":"standard","meta":{"ngg_post_thumbnail":0,"footnotes":""},"categories":[18],"tags":[],"class_list":["post-3194","post","type-post","status-publish","format-standard","hentry","category-arbeidsplanar"],"_links":{"self":[{"href":"https:\/\/www.historielaget.jostedal.no\/index.php?rest_route=\/wp\/v2\/posts\/3194","targetHints":{"allow":["GET"]}}],"collection":[{"href":"https:\/\/www.historielaget.jostedal.no\/index.php?rest_route=\/wp\/v2\/posts"}],"about":[{"href":"https:\/\/www.historielaget.jostedal.no\/index.php?rest_route=\/wp\/v2\/types\/post"}],"author":[{"embeddable":true,"href":"https:\/\/www.historielaget.jostedal.no\/index.php?rest_route=\/wp\/v2\/users\/2"}],"replies":[{"embeddable":true,"href":"https:\/\/www.historielaget.jostedal.no\/index.php?rest_route=%2Fwp%2Fv2%2Fcomments&post=3194"}],"version-history":[{"count":2,"href":"https:\/\/www.historielaget.jostedal.no\/index.php?rest_route=\/wp\/v2\/posts\/3194\/revisions"}],"predecessor-version":[{"id":3201,"href":"https:\/\/www.historielaget.jostedal.no\/index.php?rest_route=\/wp\/v2\/posts\/3194\/revisions\/3201"}],"wp:attachment":[{"href":"https:\/\/www.historielaget.jostedal.no\/index.php?rest_route=%2Fwp%2Fv2%2Fmedia&parent=3194"}],"wp:term":[{"taxonomy":"category","embeddable":true,"href":"https:\/\/www.historielaget.jostedal.no\/index.php?rest_route=%2Fwp%2Fv2%2Fcategories&post=3194"},{"taxonomy":"post_tag","embeddable":true,"href":"https:\/\/www.historielaget.jostedal.no\/index.php?rest_route=%2Fwp%2Fv2%2Ftags&post=3194"}],"curies":[{"name":"wp","href":"https:\/\/api.w.org\/{rel}","templated":true}]}}