{"id":3317,"date":"2016-05-01T18:23:50","date_gmt":"2016-05-01T16:23:50","guid":{"rendered":"http:\/\/www.historielaget.jostedal.no\/?p=3317"},"modified":"2016-05-01T18:48:33","modified_gmt":"2016-05-01T16:48:33","slug":"arbeidsplan-for-2016","status":"publish","type":"post","link":"https:\/\/www.historielaget.jostedal.no\/?p=3317","title":{"rendered":"Arbeidsplan for 2016"},"content":{"rendered":"<p>Vedteken p\u00e5 \u00e5rsm\u00f8tet 23. februar 2016.<!--more--><\/p>\n<p>1. Fossabrui. Restaurering vert sett igang s\u00e5 snart veret er lagleg for arbeidet, og me har idrettsmessig godkjenning fr\u00e5 kommunen. Budsjettet er p\u00e5 250.000 kr. JHhar \u00abeigenkapital\u00bb p\u00e5 163.500 kr,og det vert s\u00f8kt om spelemidlar til dekning av restbel\u00f8pet.<\/p>\n<p>2. Gangevegen D\u00f8sen &#8211; Viva. Det vert s\u00f8kt om spelemidlar til opprydding<em>\/<\/em>restaurering. JH tek ansvar for Vigdal &#8211; Viva. Med unntak av ei kleiv\/oppsteg ned til Ormbergst\u00f8l er det rydding av skog og kratt det er tale om.<\/p>\n<p>3. Gangevegen Ormbergst\u00f8l &#8211; H\u00f8gebrui. Det er rydda mellom \u00c5sen og Bruheim, og d\u00e5 denne vegen er trygg og fin \u00e5 ferdast p\u00e5, m\u00e5 den haldast. Men i samband med restaurering av Fossabrui og gangeveg p\u00e5 vestsida, fr\u00e5 Flaumparken &#8211; H\u00f8gebrui, vert det ikkje rydding av vegen over Ormbergshovden &#8211; Bogane &#8211; austsida av Foss\u00f8ygjelet, og Bruheim &#8211; H\u00f8gebrui.<\/p>\n<p>4. Berget og skulehuset. Her er tale om \u00e5rlege vedlikehald og tilsyn v\u00e5r og haust, og sl\u00e5tt og rydding rundt husi. Dei som har tilsynet, kallar inn til dugnadsarbeid og hyggeleg samv\u00e6r!<\/p>\n<p>5. Kverni.Der er ein del mindre utbetringar p\u00e5 lukene n\u00e6rmast kverni (planlagt for 2015), men ut over dette skulle kverni ikkje krevje det stort vedlikehaldsarbeid i \u00e5r.<\/p>\n<p>6. Stadnamnprosjektet. For JH vil arbeidet i \u00e5r vere moderat.<\/p>\n<p>7. Kulturhistorisk \u00e5rbok for Luster. \u00c5rbok nr. 7 er stort sett ferdig for utgjeving. JH har teke del i arbeidet og m\u00e5 ogs\u00e5 vere med \u00e5 selje boki n\u00e5r den f\u00f8religg.<\/p>\n<p>8. Tilskiping. Saman med Jostedal Helselag og Kulturakademiet i Luster vil JH lage ei tilskiping p\u00e5 Nigardsgrandane i likheit med den me hadde i 2009.<\/p>\n<p>9. Turar. Ut p\u00e5 v\u00e5ren og i samband med ryddearbeid vil JH arrangere aktuelle kveldsturar.<\/p>\n<p>10. Anna aktivitet. Utover dei planlagde aktivitetar dukkar det alltid opp arbeid\/aktivitetar\/tilskipingar som laget m\u00e5 ta del i.<\/p>\n","protected":false},"excerpt":{"rendered":"<p>Vedteken p\u00e5 \u00e5rsm\u00f8tet 23. februar 2016.<\/p>\n","protected":false},"author":2,"featured_media":0,"comment_status":"open","ping_status":"open","sticky":false,"template":"","format":"standard","meta":{"ngg_post_thumbnail":0,"footnotes":""},"categories":[18],"tags":[],"class_list":["post-3317","post","type-post","status-publish","format-standard","hentry","category-arbeidsplanar"],"_links":{"self":[{"href":"https:\/\/www.historielaget.jostedal.no\/index.php?rest_route=\/wp\/v2\/posts\/3317","targetHints":{"allow":["GET"]}}],"collection":[{"href":"https:\/\/www.historielaget.jostedal.no\/index.php?rest_route=\/wp\/v2\/posts"}],"about":[{"href":"https:\/\/www.historielaget.jostedal.no\/index.php?rest_route=\/wp\/v2\/types\/post"}],"author":[{"embeddable":true,"href":"https:\/\/www.historielaget.jostedal.no\/index.php?rest_route=\/wp\/v2\/users\/2"}],"replies":[{"embeddable":true,"href":"https:\/\/www.historielaget.jostedal.no\/index.php?rest_route=%2Fwp%2Fv2%2Fcomments&post=3317"}],"version-history":[{"count":2,"href":"https:\/\/www.historielaget.jostedal.no\/index.php?rest_route=\/wp\/v2\/posts\/3317\/revisions"}],"predecessor-version":[{"id":3325,"href":"https:\/\/www.historielaget.jostedal.no\/index.php?rest_route=\/wp\/v2\/posts\/3317\/revisions\/3325"}],"wp:attachment":[{"href":"https:\/\/www.historielaget.jostedal.no\/index.php?rest_route=%2Fwp%2Fv2%2Fmedia&parent=3317"}],"wp:term":[{"taxonomy":"category","embeddable":true,"href":"https:\/\/www.historielaget.jostedal.no\/index.php?rest_route=%2Fwp%2Fv2%2Fcategories&post=3317"},{"taxonomy":"post_tag","embeddable":true,"href":"https:\/\/www.historielaget.jostedal.no\/index.php?rest_route=%2Fwp%2Fv2%2Ftags&post=3317"}],"curies":[{"name":"wp","href":"https:\/\/api.w.org\/{rel}","templated":true}]}}