{"id":3449,"date":"2017-03-06T00:20:03","date_gmt":"2017-03-05T22:20:03","guid":{"rendered":"http:\/\/www.historielaget.jostedal.no\/?p=3449"},"modified":"2017-03-06T00:20:03","modified_gmt":"2017-03-05T22:20:03","slug":"arbeidsplan-for-2017","status":"publish","type":"post","link":"https:\/\/www.historielaget.jostedal.no\/?p=3449","title":{"rendered":"Arbeidsplan for 2017"},"content":{"rendered":"<p>Vedteken p\u00e5 \u00e5rsm\u00f8tet 5. mars 2017.<!--more--><\/p>\n<p>1. Stien D\u00f8sen \u2013 Viva. Det er s\u00f8kt om spelemidlar til rydding \/ restaurering, og s\u00f8knaden er godkjent av Fylkesmannen. JH har ansvar for Vigdal \u2013 Viva. Vanskeleg oppsteg i H\u00f8gekleivi, opp for Ormbergst\u00f8l er allereie restaurert. Elles er det ikkje store skadar p\u00e5 stien, men skog og kratt som m\u00e5 ryddas vekk. Det er planlagt \u00e5 f\u00e5 setje opp 7 informasjonstavler.<\/p>\n<p>2. Stien Ormbergst\u00f8l \u2013 H\u00f8gebrui p\u00e5 austsida av dalen. JH har f\u00e5tt eit tilskot fr\u00e5 SMIL-midlar p\u00e5 kr. 18.000. Det er rydda mellom \u00c5sen og Bruheim, og d\u00e5 denne veg er trygg og fin og ferdast p\u00e5 m\u00e5 den haldast. Stien over Ormbergshovden \u2013 Bogane \u2013 Ysteteigen er utsett for ras og sp\u00f8rsm\u00e5let er om me skal rydde den? Tilskotet fr\u00e5 SMIL fell bort om ikkje heile strekninga ver rydda.<\/p>\n<p>3. Berget og Skulehuset. Det er planlagt \u00e5 skifte kledning p\u00e5 brystveggen p\u00e5 stova i Berget og det er s\u00f8gt Kommunen om st\u00f8tte til arbeidet. I tillegg\u00a0 kjem \u00e5rlege vedlikehald og tilsyn v\u00e5r og haust, og sl\u00e5tt og rydding rundt husi. Dei som har tilsynet kallar inn til dugnadsarbeid og hyggeleg samv\u00e6r!<\/p>\n<p>4. Kverni. Der er ein del mindre utbetringar p\u00e5 kverndammen og\u00a0 p\u00e5 lukene n\u00e6rmast kverni. Inne m\u00e5 tre- ringen rundt steinane skiftast ut.<\/p>\n<p>5. Stadnamnprosjektet. For JH vil arbeidet i \u00e5r vere moderat<\/p>\n<p>6. Kulturhistorisk \u00e5rbok for Luster. Boknemndi vil starte arbeidet med ny \u00e5rbok, nr. 8,\u00a0 i l\u00f8pet av v\u00e5ren.<\/p>\n<p>7. Turar. S\u00f8ndag den 18. juni vert det tur fr\u00e5 Elvekrok til Espe. Det er Luster turlag som\u00a0 arranger turen og med Marit Elvekrok som Kjentkvinne.<br \/>\nTil Reinskvei i Geisdalen. Det er ynskje om ein tur til dette gamle fangstannlegg. Tidspunkt?<br \/>\nElvekrok &#8211; Mj\u00f8lver \u2013 Nordheim og tilbake over Krok\u00e5sen er og ein fin tur. Tidspunkt?<\/p>\n<p>8. Aktivitet under Marknadshelgi?<\/p>\n<p>9. Anna aktivitet. Utover dei planlagde aktivitetar dukkar det alltid opp arbeid \/ aktivitetar\/tilskipingar som Laget m\u00e5 ta del i.<\/p>\n","protected":false},"excerpt":{"rendered":"<p>Vedteken p\u00e5 \u00e5rsm\u00f8tet 5. mars 2017.<\/p>\n","protected":false},"author":2,"featured_media":0,"comment_status":"open","ping_status":"open","sticky":false,"template":"","format":"standard","meta":{"ngg_post_thumbnail":0,"footnotes":""},"categories":[18],"tags":[],"class_list":["post-3449","post","type-post","status-publish","format-standard","hentry","category-arbeidsplanar"],"_links":{"self":[{"href":"https:\/\/www.historielaget.jostedal.no\/index.php?rest_route=\/wp\/v2\/posts\/3449","targetHints":{"allow":["GET"]}}],"collection":[{"href":"https:\/\/www.historielaget.jostedal.no\/index.php?rest_route=\/wp\/v2\/posts"}],"about":[{"href":"https:\/\/www.historielaget.jostedal.no\/index.php?rest_route=\/wp\/v2\/types\/post"}],"author":[{"embeddable":true,"href":"https:\/\/www.historielaget.jostedal.no\/index.php?rest_route=\/wp\/v2\/users\/2"}],"replies":[{"embeddable":true,"href":"https:\/\/www.historielaget.jostedal.no\/index.php?rest_route=%2Fwp%2Fv2%2Fcomments&post=3449"}],"version-history":[{"count":1,"href":"https:\/\/www.historielaget.jostedal.no\/index.php?rest_route=\/wp\/v2\/posts\/3449\/revisions"}],"predecessor-version":[{"id":3450,"href":"https:\/\/www.historielaget.jostedal.no\/index.php?rest_route=\/wp\/v2\/posts\/3449\/revisions\/3450"}],"wp:attachment":[{"href":"https:\/\/www.historielaget.jostedal.no\/index.php?rest_route=%2Fwp%2Fv2%2Fmedia&parent=3449"}],"wp:term":[{"taxonomy":"category","embeddable":true,"href":"https:\/\/www.historielaget.jostedal.no\/index.php?rest_route=%2Fwp%2Fv2%2Fcategories&post=3449"},{"taxonomy":"post_tag","embeddable":true,"href":"https:\/\/www.historielaget.jostedal.no\/index.php?rest_route=%2Fwp%2Fv2%2Ftags&post=3449"}],"curies":[{"name":"wp","href":"https:\/\/api.w.org\/{rel}","templated":true}]}}