{"id":3521,"date":"2018-03-30T23:42:48","date_gmt":"2018-03-30T21:42:48","guid":{"rendered":"http:\/\/www.historielaget.jostedal.no\/?p=3521"},"modified":"2018-03-30T23:45:22","modified_gmt":"2018-03-30T21:45:22","slug":"arsmelding-2017-for-jostedal-historielag","status":"publish","type":"post","link":"https:\/\/www.historielaget.jostedal.no\/?p=3521","title":{"rendered":"\u00c5rsmelding 2017 for Jostedal historielag"},"content":{"rendered":"<p>Godkjend p\u00e5 \u00e5rsm\u00f8tet 15.3.2018.<!--more--><\/p>\n<p>[<a href=\"http:\/\/www.historielaget.jostedal.no\/wordpress\/wp-content\/upLoads\/\u00c5rsmelding-2017-for-Jostedal-historielag.pdf\">\u00c5rsmeldinga i pdf, med \u00e5rsm\u00f8tereferat 2017<\/a>]<\/p>\n<p><strong>\u00c5rsm\u00f8tet<\/strong> vart halde den 5. mars 2017 p\u00e5 Jostedal Hotell.<\/p>\n<p><strong>Val<\/strong>. Oddmund Hoel og Aud Foss\u00f8y var p\u00e5 val til styret. Aud Foss\u00f8y \u00f8nskte ikkje attval, og Gunnar Ruud vart vald for 2 \u00e5r. Oddmund Hoel tok attval for 2 \u00e5r i styret, og Olav st\u00f8len i eitt \u00e5r som leiar.<\/p>\n<p>Styret og nemnder etter valet:<br \/>\nLeiar: Olav St\u00f8len<br \/>\nKasserar: Gunnar Ruud<br \/>\nSekret\u00e6r: Oddmund L. Hoel<br \/>\nStyremedlem: Arne Aasen Hauge<br \/>\nStyremedlem: Einar Blikra<br \/>\nVaramedlemer: Frode Svori og Kari Grov<\/p>\n<p>Tilsyn med Berget: Arne Aasen Hauge (leiar), Einar Blikra, Geir Vidar Tuften og Kari Grov.<br \/>\nTilsyn med Kverni: Arne \u00a0Aasen Hauge, Olav St\u00f8len og K\u00e5re Reidar Aasen.<br \/>\nTilsyn med Skulehuset: Lise Aasen og Anne Elgersma.<br \/>\nArrangementskomit\u00e9: Arne Aasen Hauge, Marit Elvekrok, Mary Aasen og Asbj\u00f8rg Ormberg.<br \/>\nBoknemnd: Oddmund Hoel, Olav St\u00f8len og Kristen Ormberg.<\/p>\n<p>Vegnemnder. Stien\/gangevegen D\u00f8sen\u2013Viva er gamal, men over mange \u00e5r med lite vedlikehald er det no eit stort arbeid med \u00e5 rydde og setje i stand att stien. Det er ogs\u00e5 sv\u00e6rt viktig framover med \u00e5rleg vedlikehald. JH meiner det er klokt \u00e5 dele stien \u00abgrendevis\u00bb og valnemndi hadde tala med personar som er viljuge til \u00e5 g\u00e5 inn og ta ansvar for dette arbeidet. Fyljande vart valde:<br \/>\nVigdal\u2013Fossabrui: Bj\u00f8rn Ove Leirdal og Kristen Ormberg.<br \/>\nFossabrui\u2013Sperla: Sverre Fossen og Per Foss\u00f8y.<br \/>\nSperla\u2013Prestegarden: John Geir Sperle og Anne Elgersma.<br \/>\nEspe\u2013Elvekrok: Lars Erik Espe og Arvid Elvekrok.<br \/>\nMj\u00f8lvergrendi\u2013Nordheim: Sverre Tvedt og Alv Nordheim.<\/p>\n<p>Revisor: Aud Foss\u00f8y (ny)<\/p>\n<p>Valnemd: Kristen Ormberg og \u00c5ne Elgersma vart attvalde.<\/p>\n<p><strong>Fossabrui og den gamle ferdavegen D\u00f8sen\u2013Vigdal\u2013Ormbergst\u00f8l\u2013Viva.<\/strong> Dette tiltak har kravd ein stor innsats fr\u00e5 JH i 2017. Men arbeidet har bore frukt, for i samarbeid med Luster turlag har JH f\u00e5tt \u00a0\u00abspelemidlar\u00bb og st\u00f8tte fr\u00e5 Luster Kommune p\u00e5 over 200.000, kr. Ein del av desse midlar har g\u00e5tt til \u00e5 avvikle gjeld p\u00e5 Fossabrui \u2013 som no st\u00e5r og nikkar skuldfri! Resten av midlane vil dekkje tiltak p\u00e5 stien som me ikkje kan klare med dugnadsarbeid. Det gjeld mellom anna utbetring som krev fagfolk og til arbeid med\u00a0 tavler og skilting.<\/p>\n<p><strong>Stadnamnprosjektet<\/strong>. Det er stadig ein del manglar med omsyn til\u00a0 kartfesting og innlesing av namn. \u00a0JH \u00a0koordinerer arbeidet med Fylkesarkivet, som til no har digitalisert 17 381 namn, <a href=\"http:\/\/www.historielaget.jostedal.no\/?page_id=26\">som no er \u00e5 finne p\u00e5 nettet<\/a>. Knip det med \u00e5 orientere seg p\u00e5 nettet, kan ein ringje til Randi Melv\u00e6r (Fylkesarkivet) for hjelp.<\/p>\n<p><strong>Vedlikehald av Berget, Skulehust og kverni.<\/strong> Det var planlagt \u00e5 leggje ny bordkledning p\u00e5 brystveggen p\u00e5 stova i Berget, i sommar, og JHfekk st\u00f8tte fr\u00e5 Kommunen p\u00e5 8000 kr. P\u00e5 grunn av mangel p\u00e5 snikkar fekk me ikkje gjort arbeidet. Elles vanlig tilsyn med husi.<\/p>\n<p><strong>Kulturhistorisk tur.<\/strong> Den 5. september arrangerte JH tur i Mj\u00f8lvergrendi. Med Solveig og Sverre Tvedt som kjentfolk gjekk turen fr\u00e5 Kverni p\u00e5 Nigardsgrandane til Bj\u00f8rkehaugen\u2013Mj\u00f8lver&#8211; Nordheim\u2013Pikhaug og til Kverni att. Ein flott tur, i lite ruske ver, med sv\u00e6rt positive deltakarar.<\/p>\n<p><strong>Rydding av sti<\/strong>. Den 14. juni var det dugnadsarbeid med ryddig\/utbetring p\u00e5 stien Elvekrok\u2013Espe. Manskapet delte seg og starta fr\u00e5 kvar sin ende. Ved m\u00f8te ca. midtveges var det kvile og triveleg kaffipause.<\/p>\n<p><strong>Andre aktivitetar.<\/strong> JH pr\u00f8ver mellom anna \u00e5 hjelpe folk som r\u00f8kjer etter slekt i Jostedalen eller som ynskjer \u00e5 vitje dalen.<\/p>\n<p><strong>St\u00f8nad i 2017<\/strong>. Laget har f\u00e5tt st\u00f8nad fr\u00e5 Luster Sparebank (kr 20 000) og fr\u00e5 Luster kommune\/spelemidlar (ca kr 200 000).<\/p>\n<p><strong>Eigen nettstad.<\/strong> \u00a0Heimesida til Jostedal Historielag (Oddmund L. Hoel er redakt\u00f8r) finn ein p\u00e5: http:\/\/www.historielaget.jostedal.no<\/p>\n","protected":false},"excerpt":{"rendered":"<p>Godkjend p\u00e5 \u00e5rsm\u00f8tet 15.3.2018.<\/p>\n","protected":false},"author":2,"featured_media":0,"comment_status":"open","ping_status":"open","sticky":false,"template":"","format":"standard","meta":{"ngg_post_thumbnail":0,"footnotes":""},"categories":[10],"tags":[],"class_list":["post-3521","post","type-post","status-publish","format-standard","hentry","category-arsmeldingar"],"_links":{"self":[{"href":"https:\/\/www.historielaget.jostedal.no\/index.php?rest_route=\/wp\/v2\/posts\/3521","targetHints":{"allow":["GET"]}}],"collection":[{"href":"https:\/\/www.historielaget.jostedal.no\/index.php?rest_route=\/wp\/v2\/posts"}],"about":[{"href":"https:\/\/www.historielaget.jostedal.no\/index.php?rest_route=\/wp\/v2\/types\/post"}],"author":[{"embeddable":true,"href":"https:\/\/www.historielaget.jostedal.no\/index.php?rest_route=\/wp\/v2\/users\/2"}],"replies":[{"embeddable":true,"href":"https:\/\/www.historielaget.jostedal.no\/index.php?rest_route=%2Fwp%2Fv2%2Fcomments&post=3521"}],"version-history":[{"count":2,"href":"https:\/\/www.historielaget.jostedal.no\/index.php?rest_route=\/wp\/v2\/posts\/3521\/revisions"}],"predecessor-version":[{"id":3526,"href":"https:\/\/www.historielaget.jostedal.no\/index.php?rest_route=\/wp\/v2\/posts\/3521\/revisions\/3526"}],"wp:attachment":[{"href":"https:\/\/www.historielaget.jostedal.no\/index.php?rest_route=%2Fwp%2Fv2%2Fmedia&parent=3521"}],"wp:term":[{"taxonomy":"category","embeddable":true,"href":"https:\/\/www.historielaget.jostedal.no\/index.php?rest_route=%2Fwp%2Fv2%2Fcategories&post=3521"},{"taxonomy":"post_tag","embeddable":true,"href":"https:\/\/www.historielaget.jostedal.no\/index.php?rest_route=%2Fwp%2Fv2%2Ftags&post=3521"}],"curies":[{"name":"wp","href":"https:\/\/api.w.org\/{rel}","templated":true}]}}