{"id":3527,"date":"2018-03-30T23:52:58","date_gmt":"2018-03-30T21:52:58","guid":{"rendered":"http:\/\/www.historielaget.jostedal.no\/?p=3527"},"modified":"2018-03-30T23:52:58","modified_gmt":"2018-03-30T21:52:58","slug":"arbeidsplan-for-2018","status":"publish","type":"post","link":"https:\/\/www.historielaget.jostedal.no\/?p=3527","title":{"rendered":"Arbeidsplan for 2018"},"content":{"rendered":"<p>Vedteken p\u00e5 \u00e5rsm\u00f8tet 15.3.2018.<!--more--><\/p>\n<p>1. Stien D\u00f8sen\u2013Viva. JH har f\u00e5tt st\u00f8tte til tiltaket\u00a0 fr\u00e5 Luster kommune og fr\u00e5 spelemidlar p\u00e5 ca. kr 200 000. Arbeidet er godt i gang, og parsellen Vigdal til Fossabrui er ferdig. Framover dalen m\u00e5 stien ryddast og utbetrast s\u00e5 snart sn\u00f8en er borte. Arbeidet med 8 informasjonstavler er ogs\u00e5 i gang.<\/p>\n<p>Tiltak\/arbeid p\u00e5 stien D\u00f8sen\u2013Viva som f\u00e5r st\u00f8tte fr\u00e5 spelemidlar, m\u00e5 vere gjort ferdig til midt p\u00e5 sommaren 2018.<\/p>\n<p>2. Stien Ormbergst\u00f8l\u2013H\u00f8gebrui p\u00e5 austsida av dalen. JH har f\u00e5tt eit tilskot fr\u00e5 SMIL-midlar p\u00e5 kr 18 000. Det er allereie rydda mellom \u00c5sen og Bruheim, og stien er fin \u00e5 ferdast p\u00e5. Stien over Ormbergshovden\u2013Bogane\u2013Ysteteigen er utsett for ras, og JH pr\u00f8ver \u00e5 f\u00e5 avgrense parsellen til \u00e5 omfatte strekningi\u00a0 Ysteteigen\u2013Bruheim. Frist for tilskotet er 14.5.2018.<\/p>\n<p>3. Berget og Skulehuset. Det var planlagt \u00e5 skifte kledning p\u00e5 brystveggen p\u00e5 stova i Berget i 2017, det n\u00e5dde ikkje JH. St\u00f8tte fr\u00e5 kommunen p\u00e5 kr 8000 fell bort om me ikkje f\u00e5r utsetjing av arbeidet til ut p\u00e5 sommaren. Elles er det sl\u00e5tt og opprydding b\u00e5de i Berget og ved Skulehuset.<\/p>\n<p>4. Kverni. Der er ein del mindre utbetringar p\u00e5 kverndammen og p\u00e5 lukene n\u00e6rmast kverni. Inne m\u00e5 tre-ringen rundt steinane skiftast ut.<\/p>\n<p>5. Stadnamnprosjektet. For JH vil det og vere noko arbeidet i \u00e5r ogs\u00e5.<\/p>\n<p>6.\u00a0Kulturhistorisk \u00e5rbok for Luster. Boknemndi har starte arbeidet med ny \u00e5rbok, nr. 8.<\/p>\n<p>7. Turar. N\u00e5r Stien D\u00f8sen\u2013Viva er restaurert ferdig, lyt me ha ei markering.<\/p>\n<p>8. Aktivitet under marknadshelgi sommaren 2018 vil bli vurdert.<\/p>\n<p>9. Annan aktivitet. Ut over dei planlagde aktivitetane dukkar det alltid opp arbeid\/aktivitetar\/tilskipingar som laget m\u00e5 ta del i.<\/p>\n","protected":false},"excerpt":{"rendered":"<p>Vedteken p\u00e5 \u00e5rsm\u00f8tet 15.3.2018.<\/p>\n","protected":false},"author":2,"featured_media":0,"comment_status":"open","ping_status":"open","sticky":false,"template":"","format":"standard","meta":{"ngg_post_thumbnail":0,"footnotes":""},"categories":[18],"tags":[],"class_list":["post-3527","post","type-post","status-publish","format-standard","hentry","category-arbeidsplanar"],"_links":{"self":[{"href":"https:\/\/www.historielaget.jostedal.no\/index.php?rest_route=\/wp\/v2\/posts\/3527","targetHints":{"allow":["GET"]}}],"collection":[{"href":"https:\/\/www.historielaget.jostedal.no\/index.php?rest_route=\/wp\/v2\/posts"}],"about":[{"href":"https:\/\/www.historielaget.jostedal.no\/index.php?rest_route=\/wp\/v2\/types\/post"}],"author":[{"embeddable":true,"href":"https:\/\/www.historielaget.jostedal.no\/index.php?rest_route=\/wp\/v2\/users\/2"}],"replies":[{"embeddable":true,"href":"https:\/\/www.historielaget.jostedal.no\/index.php?rest_route=%2Fwp%2Fv2%2Fcomments&post=3527"}],"version-history":[{"count":1,"href":"https:\/\/www.historielaget.jostedal.no\/index.php?rest_route=\/wp\/v2\/posts\/3527\/revisions"}],"predecessor-version":[{"id":3528,"href":"https:\/\/www.historielaget.jostedal.no\/index.php?rest_route=\/wp\/v2\/posts\/3527\/revisions\/3528"}],"wp:attachment":[{"href":"https:\/\/www.historielaget.jostedal.no\/index.php?rest_route=%2Fwp%2Fv2%2Fmedia&parent=3527"}],"wp:term":[{"taxonomy":"category","embeddable":true,"href":"https:\/\/www.historielaget.jostedal.no\/index.php?rest_route=%2Fwp%2Fv2%2Fcategories&post=3527"},{"taxonomy":"post_tag","embeddable":true,"href":"https:\/\/www.historielaget.jostedal.no\/index.php?rest_route=%2Fwp%2Fv2%2Ftags&post=3527"}],"curies":[{"name":"wp","href":"https:\/\/api.w.org\/{rel}","templated":true}]}}