{"id":3589,"date":"2022-03-13T19:58:36","date_gmt":"2022-03-13T17:58:36","guid":{"rendered":"http:\/\/www.historielaget.jostedal.no\/?p=3589"},"modified":"2022-03-13T19:58:53","modified_gmt":"2022-03-13T17:58:53","slug":"arbeidsplan-for-2022","status":"publish","type":"post","link":"https:\/\/www.historielaget.jostedal.no\/?p=3589","title":{"rendered":"Arbeidsplan for 2022"},"content":{"rendered":"<p>Vedteken p\u00e5 \u00e5rsm\u00f8tet 9.3.2022.<!--more--><\/p>\n<p>1. Stien D\u00f8sen -Viva. \u00c5rleg vedlikehald &#8211; rydding, sjekk av tavler og skilt. Det er bestilt\u00a0bord som skal setjast opp ved Sankt Olavs Kjelda p\u00e5 Gards\u00e5sen.<\/p>\n<p>2. Berget, Skulehuset og Kverni. Det er n\u00f8dvendig med godt vedlikehald, sl\u00e5tt og\u00a0opprydding, s\u00e5 det ser pent ut. P\u00e5 kvern i trengst det utbetring av sj\u00f8lve\u00a0kverndammen. Det er bestilt et bord som skal setjast opp utanfor skulehuset.<\/p>\n<p>3. Sjur Hesjevoll&#8217;s premiesamling. Samarbeid med Jostedal Spel- og dansarlag. Det er\u00a0laga avtale med styret for Jostedal Samfunnshus om plassering av premiesamlinga i\u00a0monter der. H\u00e5kon Hesjevoll har allereie utarbeidt teikningar\/plan.<\/p>\n<p>4. Stadnamnprosjektet. Her manglar det nokre hundra namn som ikkje er kartfesta. Det\u00a0vil komme p\u00e5 plass utover v\u00e5ren og s\u00e5 vil prosjektet kunne avsluttast.<\/p>\n<p>5. Kulturhistorisk \u00e5rbok for Luster. I \u00e5r har Jostedal Historielag s\u00f8kt om \u00f8konomisk\u00a0st\u00f8tte fr\u00e5 Luster Sparebank til ei ny \u00e5rbok. Siste \u00e5rbok, nr. 7 kom ut i 2016.<\/p>\n<p>6. Sal av Kulturhistorisk \u00e5rbok for Luster og andre b\u00f8ker i Jostedal Historielag.<\/p>\n<p>7. Kulturdag i Berget eller p\u00e5 Nigardsgrandane eller anna aktivitet? Etter tvo \u00e5r med\u00a0Covid -19 er det viktig \u00e5 f\u00e5 til aktivitet som st\u00f8ttar opp om laget.<\/p>\n<p>8. Anna aktivitet. Utover dei planlagde aktivitetar dukkar det alltid opp arbeid\/aktivitetar\/tilskipingar som Laget m\u00e5 ta del i.<\/p>\n","protected":false},"excerpt":{"rendered":"<p>Vedteken p\u00e5 \u00e5rsm\u00f8tet 9.3.2022.<\/p>\n","protected":false},"author":2,"featured_media":0,"comment_status":"open","ping_status":"open","sticky":false,"template":"","format":"standard","meta":{"ngg_post_thumbnail":0,"footnotes":""},"categories":[18],"tags":[],"class_list":["post-3589","post","type-post","status-publish","format-standard","hentry","category-arbeidsplanar"],"_links":{"self":[{"href":"https:\/\/www.historielaget.jostedal.no\/index.php?rest_route=\/wp\/v2\/posts\/3589","targetHints":{"allow":["GET"]}}],"collection":[{"href":"https:\/\/www.historielaget.jostedal.no\/index.php?rest_route=\/wp\/v2\/posts"}],"about":[{"href":"https:\/\/www.historielaget.jostedal.no\/index.php?rest_route=\/wp\/v2\/types\/post"}],"author":[{"embeddable":true,"href":"https:\/\/www.historielaget.jostedal.no\/index.php?rest_route=\/wp\/v2\/users\/2"}],"replies":[{"embeddable":true,"href":"https:\/\/www.historielaget.jostedal.no\/index.php?rest_route=%2Fwp%2Fv2%2Fcomments&post=3589"}],"version-history":[{"count":2,"href":"https:\/\/www.historielaget.jostedal.no\/index.php?rest_route=\/wp\/v2\/posts\/3589\/revisions"}],"predecessor-version":[{"id":3591,"href":"https:\/\/www.historielaget.jostedal.no\/index.php?rest_route=\/wp\/v2\/posts\/3589\/revisions\/3591"}],"wp:attachment":[{"href":"https:\/\/www.historielaget.jostedal.no\/index.php?rest_route=%2Fwp%2Fv2%2Fmedia&parent=3589"}],"wp:term":[{"taxonomy":"category","embeddable":true,"href":"https:\/\/www.historielaget.jostedal.no\/index.php?rest_route=%2Fwp%2Fv2%2Fcategories&post=3589"},{"taxonomy":"post_tag","embeddable":true,"href":"https:\/\/www.historielaget.jostedal.no\/index.php?rest_route=%2Fwp%2Fv2%2Ftags&post=3589"}],"curies":[{"name":"wp","href":"https:\/\/api.w.org\/{rel}","templated":true}]}}