{"id":45,"date":"2006-03-17T20:16:47","date_gmt":"2006-03-17T18:16:47","guid":{"rendered":"http:\/\/www.historielaget.jostedal.no\/?p=45"},"modified":"2011-05-27T14:43:05","modified_gmt":"2011-05-27T12:43:05","slug":"arsmelding-2005-for-jostedal-historielag","status":"publish","type":"post","link":"https:\/\/www.historielaget.jostedal.no\/?p=45","title":{"rendered":"\u00c5rsmelding 2005 for Jostedal historielag"},"content":{"rendered":"<p>Godkjend p\u00e5 \u00e5rsm\u00f8tet 16.3.2006.<!--more--><\/p>\n<p><strong>Styret<\/strong><br \/>\nStyret har vore slik etter \u00e5rsm\u00f8tet 16.3.2005:<br \/>\nLeiar: Aud Foss\u00f8y<br \/>\nKasserar: Einar Blikra<br \/>\nSekret\u00e6r: Oddmund L. Hoel<br \/>\nStyremedlem: Olav St\u00f8len<br \/>\nStyremedlem: Lars Neset<br \/>\nVaramedlemer: Liv Espe og Harald Haugen<br \/>\nDet har vore tre styrem\u00f8te.<\/p>\n<p>Valnemnd: Kristen Ormberg og \u00c5ne Elgersma<br \/>\nRevisor: Gunnar Ruud (vara: Halldor Sperle)<br \/>\nAnsvarlege for Berget: Liv Espe, Lars Neset og Harald Haugen<br \/>\nAnsvarleg for kvernhuset: Alfred Tuften<br \/>\nAnsvarleg for skulehuset: \u00c5ne Elgersma<\/p>\n<p><strong>7. juni<br \/>\n<\/strong>Me feira 100-\u00e5rsjubileet med marsj fr\u00e5 Gjerde til Breheimsenteret. Der heldt Olav St\u00f8len og Oddmund Hoel f\u00f8redrag, og Asbj\u00f8rg Ormberg leidde allsongen. Kring 80 m\u00f8tte fram p\u00e5 Breheimsenteret.<\/p>\n<p><strong>Berget<\/strong><br \/>\nDet vart utsett til 2006 \u00e5 gjere noko med kledningen. I staden for \u00e5 leggje p\u00e5 ny, er det planlagt \u00e5 rive av den som er. Det trengst ein ny m\u00f8nekj\u00f8l til taket.<\/p>\n<p><strong>Stadnamnprosjektet<\/strong><br \/>\nDei kring 3500 namna i Fr\u00f8ysadal-samlinga fr\u00e5 1959 var ferdig reinskrivne og digitaliserte av Universitetet i Bergen i juni. Arbeidet med \u00e5 g\u00e5 samordne, kontrollere og kartfeste namna fr\u00e5 dei ulike innsamlingane viste seg \u00e5 vere for omfattande og innfl\u00f8kt til at ein kunne ta det p\u00e5 dugnad. Ann Kristin Sperle vart difor engasjert av laget i januar som sekret\u00e6r for stadnamnprosjektet. N\u00e5r arbeidet med \u00e5 g\u00e5 gjennom alle namna er ferdig i l\u00f8pet av v\u00e5ren, vil samlinga bli overlevert til Fylkesarkivet som gjer ho tilgjengeleg p\u00e5 Internett.<\/p>\n<p><strong>Klede fr\u00e5 F\u00e5berg<\/strong><br \/>\nBarne- og kvinnekleda som Alfred Horpen let etter seg, blir no utstilte permanent p\u00e5 Breheimsenteret. Dei har vore til reinsing p\u00e5 Sogn folkemuseum som har vore til god hjelp med utstillinga. Det st\u00e5r att noko montering og \u00e5 skrive tekstar f\u00f8r utstillinga er heilt ferdig.<\/p>\n<p><strong>Arkeologiprosjektet<\/strong><br \/>\n\u00c5ret har g\u00e5tt med til \u00e5 vente p\u00e5 dateringar av kolpr\u00f8vene som vart tekne sommaren 2004, og difor er det ikkje sett i gang meir feltarbeid. Laboratoriet i Trondheim var ferdig med sin del av arbeidet f\u00f8r jul. Anne Mette Haugen og Ann Kristin Sivertsen g\u00e5r no gjennom resultata, og n\u00e5r dei er ferdige med masteroppg\u00e5vene sine i mai\/juni, vil me f\u00e5 eit fyrste inntrykk av alderen og omfanget p\u00e5 den eldste busetnaden. \u00d8konomien i prosjektet er god, og det er planlagt \u00e5 g\u00e5 i gang med nytt feltarbeid til sommaren for \u00e5 supplere det som er gjort tidlegare.<\/p>\n<p><strong>Stabburet i Prestegarden<\/strong><br \/>\nStabburet fr\u00e5 Li var pill rote, s\u00e5 det er no k\u00f8yrt bort. Laget fekk det i 1963 og k\u00f8yrde det til Prestegarden i 1981 med tanke p\u00e5 eit bygdetun, men det vart aldri sett opp.<\/p>\n<p><strong>Arkivet til laget<\/strong><br \/>\nStyret kjem til sende papir og protokollar fr\u00e5 laget til Fylkesarkivet p\u00e5 Leikanger. Trass i avstanden er dette den sikraste og mest tilgjengelege m\u00e5ten \u00e5 ta vare p\u00e5 arkivet p\u00e5.<\/p>\n<p><strong>Internettsider<\/strong><br \/>\nHistorielaget har hatt eigen nettstad p\u00e5 Internett sidan november 2002, og der har det jamleg vorte lagt ut stoff om soga til dalen. Adressa er <a href=\"http:\/\/www.historielaget.jostedal.no\/\">www.historielaget.jostedal.no<\/a>. Siste \u00e5ret er det mellom anna kome til ein del stoff om 1905.<\/p>\n","protected":false},"excerpt":{"rendered":"<p>Godkjend p\u00e5 \u00e5rsm\u00f8tet 16.3.2006.<\/p>\n","protected":false},"author":2,"featured_media":0,"comment_status":"open","ping_status":"open","sticky":false,"template":"","format":"standard","meta":{"ngg_post_thumbnail":0,"footnotes":""},"categories":[10],"tags":[],"class_list":["post-45","post","type-post","status-publish","format-standard","hentry","category-arsmeldingar"],"_links":{"self":[{"href":"https:\/\/www.historielaget.jostedal.no\/index.php?rest_route=\/wp\/v2\/posts\/45","targetHints":{"allow":["GET"]}}],"collection":[{"href":"https:\/\/www.historielaget.jostedal.no\/index.php?rest_route=\/wp\/v2\/posts"}],"about":[{"href":"https:\/\/www.historielaget.jostedal.no\/index.php?rest_route=\/wp\/v2\/types\/post"}],"author":[{"embeddable":true,"href":"https:\/\/www.historielaget.jostedal.no\/index.php?rest_route=\/wp\/v2\/users\/2"}],"replies":[{"embeddable":true,"href":"https:\/\/www.historielaget.jostedal.no\/index.php?rest_route=%2Fwp%2Fv2%2Fcomments&post=45"}],"version-history":[{"count":1,"href":"https:\/\/www.historielaget.jostedal.no\/index.php?rest_route=\/wp\/v2\/posts\/45\/revisions"}],"predecessor-version":[{"id":1755,"href":"https:\/\/www.historielaget.jostedal.no\/index.php?rest_route=\/wp\/v2\/posts\/45\/revisions\/1755"}],"wp:attachment":[{"href":"https:\/\/www.historielaget.jostedal.no\/index.php?rest_route=%2Fwp%2Fv2%2Fmedia&parent=45"}],"wp:term":[{"taxonomy":"category","embeddable":true,"href":"https:\/\/www.historielaget.jostedal.no\/index.php?rest_route=%2Fwp%2Fv2%2Fcategories&post=45"},{"taxonomy":"post_tag","embeddable":true,"href":"https:\/\/www.historielaget.jostedal.no\/index.php?rest_route=%2Fwp%2Fv2%2Ftags&post=45"}],"curies":[{"name":"wp","href":"https:\/\/api.w.org\/{rel}","templated":true}]}}