{"id":46,"date":"2005-03-17T20:19:38","date_gmt":"2005-03-17T18:19:38","guid":{"rendered":"http:\/\/www.historielaget.jostedal.no\/?p=46"},"modified":"2011-05-27T14:43:18","modified_gmt":"2011-05-27T12:43:18","slug":"arsmelding-2004-for-jostedal-historielag","status":"publish","type":"post","link":"https:\/\/www.historielaget.jostedal.no\/?p=46","title":{"rendered":"\u00c5rsmelding 2004 for Jostedal Historielag"},"content":{"rendered":"<p>Til \u00e5rsm\u00f8tet 16.3.2005.<!--more--><\/p>\n<p><strong>Styret<\/strong><br \/>\nStyret har vore slik etter \u00e5rsm\u00f8tet 1.2.2004:<br \/>\nLeiar: Aud Foss\u00f8y<br \/>\nKasserar: Einar Blikra<br \/>\nSekret\u00e6r: Oddmund L. Hoel<br \/>\nStyremedlem: Olav St\u00f8len<br \/>\nStyremedlem: Lars Neset<br \/>\nVaramedlemer: Liv Espe og Harald Haugen<br \/>\nDet har vore tre styrem\u00f8te.<\/p>\n<p>Valnemnd: Kristen Ormberg og \u00c5ne Elgersma<br \/>\nRevisor: Gunnar Ruud<br \/>\nBoknemnd: Sigbj\u00f8rg Sperle og Peder Kj\u00e6rvik<br \/>\nAnsvarlege for Berget: Liv Espe og Lars Neset<br \/>\nAnsvarleg for Kvernhuset: Alfred Tuften<br \/>\nAnsvarleg for skulehuset: \u00c5ne Elgersma<\/p>\n<p><strong>Berget<\/strong><br \/>\nDet vart gjort mykje arbeid med bygningane i 2003, og me har planlagt \u00e5 f\u00e5 p\u00e5 ny kledning i 2005. I juni vart arkeologane og andre som var p\u00e5 feltarbeid, bedne p\u00e5 r\u00f8mmegraut i Berget. I juli skipa historielaget og helselaget til open dag med r\u00f8mmegraut og omvisning. Veret var flott, og sv\u00e6rt mange m\u00f8tte fram.<\/p>\n<p><strong>Stadnamnprosjektet<\/strong><br \/>\nInnsamlinga av stadnamn har halde fram (stadnamngruppa legg fram eiga melding). Historielaget har g\u00e5tt saman med Nordisk instiutt (Univ. i Bergen) og Fylkesarkivet i eit spleiselag for \u00e5 f\u00e5 digitalisert \u00d8ystein Fr\u00f8ysadal si stadnamnsamling fr\u00e5 Jostedalen fr\u00e5 sist i 1950-\u00e5ra. Arbeidet er i gang og vil vere ferdig utp\u00e5 v\u00e5ren. Prosjektet er kostnadsrekna til kring 50 000 kr, og historielaget sin del er 15 000. Samlinga vil bli tilgjengeleg p\u00e5 Internett, og laget vil f\u00e5 reinskriven kopi.<\/p>\n<p><strong>Arkeologiprosjektet<\/strong><br \/>\nHovuddelen av feltarbeidet vart gjennomf\u00f8rt sommaren 2004. Ni arkeologar var p\u00e5 feltarbeid tre veker i mai-juni, og nokre av dei kom att ei langhelg i september og ei veke i oktober. Totalt er det teke ut pr\u00f8ver fr\u00e5 ca 50 sjakter p\u00e5 Kruna, Garen, Espe, \u00c5sen og Bergset, att\u00e5t nokre gamle ferdslevegar. Kolpr\u00f8vene er sende til analyse, og dateringar av dei eldste dyrkingslaga, vil liggje f\u00f8re utp\u00e5 v\u00e5ren ein gong. Prosjektet har f\u00e5tt mykje omtale i media, og p\u00e5 eit f\u00f8redrag i Bergen 1. november m\u00f8tte heile 180 tilh\u00f8yrarar. Det er no s\u00f8kt om tilskot for \u00e5 halde fram med feltarbeidet i 2005. Dersom s\u00f8knadene ikkje sl\u00e5r til, kan det vere aktuelt \u00e5 bruke dei frie disponible midla i prosjektet (ca 40 000) til \u00e5 analysere fleire av pr\u00f8vene som vart tekne ut i 2004 (m.a. pollenanalysar) og avslutte prosjektet i denne omgangen.<\/p>\n<p><strong>Klede i F\u00e5berg<\/strong><br \/>\nAlfred Horpen let etter seg ein del barneklede og kvinnedrakter som er i god stand og har historisk interesse. Sigbj\u00f8rg og Liv tok dei med p\u00e5 Sogn Folkemuseum og fekk vaska dei. Dei vart utstilte i stabburet i Berge p\u00e5 den opne dagen i juli. Det blir arbeidd med \u00e5 finne permanent utstillingsplass.<\/p>\n<p><strong>Landslaget for lokalhistorie<br \/>\n<\/strong>Styret har vedteke \u00e5 melda inn att Jostedal Historielag i landslaget.<\/p>\n<p><strong>Marknaden i juli<\/strong><br \/>\nPalmar Kj\u00e6rvik viste gamle filmsnuttar fr\u00e5 Jostedalen. Interessa var sv\u00e6rt stor.<\/p>\n<p><strong>Internettsider<\/strong><br \/>\nHistorielaget har hatt eigen nettstad p\u00e5 Internett sidan november 2002, og der har det jamleg vorte lagt ut stoff om soga til dalen. Adressa er <a href=\"http:\/\/www.historielaget.jostedal.no\/\">www.historielaget.jostedal.no<\/a>. E-postadressa til laget er <a href=\"mailto:historielaget@jostedal.no\">historielaget@jostedal.no<\/a>.<\/p>\n","protected":false},"excerpt":{"rendered":"<p>Til \u00e5rsm\u00f8tet 16.3.2005.<\/p>\n","protected":false},"author":2,"featured_media":0,"comment_status":"open","ping_status":"open","sticky":false,"template":"","format":"standard","meta":{"ngg_post_thumbnail":0,"footnotes":""},"categories":[10],"tags":[],"class_list":["post-46","post","type-post","status-publish","format-standard","hentry","category-arsmeldingar"],"_links":{"self":[{"href":"https:\/\/www.historielaget.jostedal.no\/index.php?rest_route=\/wp\/v2\/posts\/46","targetHints":{"allow":["GET"]}}],"collection":[{"href":"https:\/\/www.historielaget.jostedal.no\/index.php?rest_route=\/wp\/v2\/posts"}],"about":[{"href":"https:\/\/www.historielaget.jostedal.no\/index.php?rest_route=\/wp\/v2\/types\/post"}],"author":[{"embeddable":true,"href":"https:\/\/www.historielaget.jostedal.no\/index.php?rest_route=\/wp\/v2\/users\/2"}],"replies":[{"embeddable":true,"href":"https:\/\/www.historielaget.jostedal.no\/index.php?rest_route=%2Fwp%2Fv2%2Fcomments&post=46"}],"version-history":[{"count":1,"href":"https:\/\/www.historielaget.jostedal.no\/index.php?rest_route=\/wp\/v2\/posts\/46\/revisions"}],"predecessor-version":[{"id":1756,"href":"https:\/\/www.historielaget.jostedal.no\/index.php?rest_route=\/wp\/v2\/posts\/46\/revisions\/1756"}],"wp:attachment":[{"href":"https:\/\/www.historielaget.jostedal.no\/index.php?rest_route=%2Fwp%2Fv2%2Fmedia&parent=46"}],"wp:term":[{"taxonomy":"category","embeddable":true,"href":"https:\/\/www.historielaget.jostedal.no\/index.php?rest_route=%2Fwp%2Fv2%2Fcategories&post=46"},{"taxonomy":"post_tag","embeddable":true,"href":"https:\/\/www.historielaget.jostedal.no\/index.php?rest_route=%2Fwp%2Fv2%2Ftags&post=46"}],"curies":[{"name":"wp","href":"https:\/\/api.w.org\/{rel}","templated":true}]}}