{"id":47,"date":"2003-03-09T20:24:02","date_gmt":"2003-03-09T18:24:02","guid":{"rendered":"http:\/\/www.historielaget.jostedal.no\/?p=47"},"modified":"2011-05-27T14:43:33","modified_gmt":"2011-05-27T12:43:33","slug":"arsmelding-2002-for-jostedal-historielag","status":"publish","type":"post","link":"https:\/\/www.historielaget.jostedal.no\/?p=47","title":{"rendered":"\u00c5rsmelding 2002 for Jostedal Historielag"},"content":{"rendered":"<p>Til \u00e5rsm\u00f8tet 12.2.2003.<!--more--><\/p>\n<p><strong>I styret:<br \/>\n<\/strong>Leiar: Sigbj\u00f8rg Sperle<br \/>\nNestleiar: Harald Haugen<br \/>\nKasserar: Einar Blikra<br \/>\nSekret\u00e6r: Aud Foss\u00f8y<br \/>\nStyremedlem: Lars Neset<\/p>\n<p>Vara: Liv Espe, Astrid Gjerde, Einar Hesjevoll.<\/p>\n<p>Boknemnd: Oddmund Hoel, Peder Kj\u00e6rvik<\/p>\n<p>Jostedal historielag har hatt 6 styrem\u00f8ter i 2002.<\/p>\n<p><strong>Tur til Avdalen<\/strong><br \/>\nI mai 2002 var 4 fr\u00e5 styret til Avdalen i \u00c5rdal for \u00e5 sj\u00e5 korleis \u00e5rd\u00f8lene hadde f\u00e5tt liv att i den fr\u00e5flytta garden. Fr\u00e5 bilveg og opp til Avdalen er det ca. 3 kvarters gange. Det var imponerande \u00e5 sj\u00e5 korleis dei hadde restaurert 10-12 hus og laga overnattingsplassar i mange av desse. Midt p\u00e5 sommaren kunne ein f\u00e5 kj\u00f8pt varm mat, men det var og kokemulegheiter for dei som ynskte det.<br \/>\nAvdalen vert driven av ei stifting samansett av eigaren og Naturhuset.<\/p>\n<p><strong>Kulturminnedagen<\/strong><br \/>\nDenne dagen kalla me \u201cVandring fr\u00e5 skulehus til skulehus\u201d. Me var fyrst innom skulehuset p\u00e5 Sperle, s\u00e5 var det tur etter gamlevegen til krundalsskulehuset i Prestegarden. Her fekk Sjur fortelje om den farefulle skulevegen sin ,og Asbj\u00f8rg tok oss med til ein\u201d Skuledag i gamle dagar.<br \/>\nMe avslutta dagen i nyeskulen i Krekane med saupgraut og potetkaker. L\u00e6rarane hadde laga fin natursti.<\/p>\n<p><strong>Bokutgjeving<\/strong><br \/>\nDet var fyrste gongen Jostedal historielag har gjeve ut bok s\u00e5 me var sv\u00e6rt spente p\u00e5 resultatet. Men boka til Alfred Espe vart sv\u00e6rt fin og \u00e6ra for det f\u00e5r me gje Oddmund. Me hadde boksleppet i gamlestova til Laila. Her samlast det etter kvart over 30 personar s\u00e5 det vart temmeleg fullt i den vesle stova. Men det var fin stemning med b\u00e5l p\u00e5 peisen. Oddmund greidde ut om innhaldet i boka og det vart delt ut blomster til Hans og Berta sidan hovudpersonen var borte. Sogelaget spanderte kaffi til alle som var innom og det vart selt mange b\u00f8ker. Boka er utlagt i banken og kiosken i Gaupne og i dei fleste bokhandlarar i Sogn. Salet har hittil g\u00e5tt fing.<\/p>\n<p><strong>\u00c5rboka<\/strong><br \/>\n\u00c5rboka har selt relativ d\u00e5rleg i fleire \u00e5r, s\u00e5 difor var det ikkje \u00f8konomi til \u00e5 gje ut bok i 2002. Men sidan det skulle vere ein stor artikkel om sanatoriet (Harast\u00f8len), var det krefter i gang for \u00e5 f\u00e5 \u00e5rboka utgitt likevel. Med l\u00e5n i banken vart det s\u00e5 gjeve gr\u00f8nt lys for utgjeving. Barneskulane vart oppmoda om \u00e5 engasjere dei eldste elevane til \u00e5 selje. I Jostedalen var skulungane s\u00e6rs flinke og oppn\u00e5dde eit godt resultat. Tusen takk til dei.<\/p>\n","protected":false},"excerpt":{"rendered":"<p>Til \u00e5rsm\u00f8tet 12.2.2003.<\/p>\n","protected":false},"author":2,"featured_media":0,"comment_status":"open","ping_status":"open","sticky":false,"template":"","format":"standard","meta":{"ngg_post_thumbnail":0,"footnotes":""},"categories":[10],"tags":[],"class_list":["post-47","post","type-post","status-publish","format-standard","hentry","category-arsmeldingar"],"_links":{"self":[{"href":"https:\/\/www.historielaget.jostedal.no\/index.php?rest_route=\/wp\/v2\/posts\/47","targetHints":{"allow":["GET"]}}],"collection":[{"href":"https:\/\/www.historielaget.jostedal.no\/index.php?rest_route=\/wp\/v2\/posts"}],"about":[{"href":"https:\/\/www.historielaget.jostedal.no\/index.php?rest_route=\/wp\/v2\/types\/post"}],"author":[{"embeddable":true,"href":"https:\/\/www.historielaget.jostedal.no\/index.php?rest_route=\/wp\/v2\/users\/2"}],"replies":[{"embeddable":true,"href":"https:\/\/www.historielaget.jostedal.no\/index.php?rest_route=%2Fwp%2Fv2%2Fcomments&post=47"}],"version-history":[{"count":1,"href":"https:\/\/www.historielaget.jostedal.no\/index.php?rest_route=\/wp\/v2\/posts\/47\/revisions"}],"predecessor-version":[{"id":1757,"href":"https:\/\/www.historielaget.jostedal.no\/index.php?rest_route=\/wp\/v2\/posts\/47\/revisions\/1757"}],"wp:attachment":[{"href":"https:\/\/www.historielaget.jostedal.no\/index.php?rest_route=%2Fwp%2Fv2%2Fmedia&parent=47"}],"wp:term":[{"taxonomy":"category","embeddable":true,"href":"https:\/\/www.historielaget.jostedal.no\/index.php?rest_route=%2Fwp%2Fv2%2Fcategories&post=47"},{"taxonomy":"post_tag","embeddable":true,"href":"https:\/\/www.historielaget.jostedal.no\/index.php?rest_route=%2Fwp%2Fv2%2Ftags&post=47"}],"curies":[{"name":"wp","href":"https:\/\/api.w.org\/{rel}","templated":true}]}}