{"id":80,"date":"2003-10-23T22:47:56","date_gmt":"2003-10-23T20:47:56","guid":{"rendered":"http:\/\/www.historielaget.jostedal.no\/?p=80"},"modified":"2007-05-14T22:52:03","modified_gmt":"2007-05-14T20:52:03","slug":"stadnamnprosjektet-i-luster-jsa","status":"publish","type":"post","link":"https:\/\/www.historielaget.jostedal.no\/?p=80","title":{"rendered":"Stadnamnprosjektet i Luster (JSA)"},"content":{"rendered":"<p>[Fr\u00e5 <em>Jostedal skule- og bygdeavis<\/em>, 2003.]<\/p>\n<p>Av Kristen Ormberg, koordinator for stadnamnregistreringa i Jostedalen<!--more--><\/p>\n<p>Som dei fleste kjenner til er det no i gang ei ny registrering av stadnamn i Luster kommune. Denne gongen har me som m\u00e5l \u00e5 f\u00e5 med det meste av dei namn som ikkje er komne med i dei tidlegare registreringane.<\/p>\n<p>Fyrste registreringa som me kjenner til var i 1932. D\u00e5 var det 4.klassingane som noterte ned namnelister, men dei hadde d\u00e5 ikkje h\u00f8vande kart for namnsetjing. Desse listene har me for Jostedalen, med unntak av Myklemyr. S\u00e5 dersom nokon har sett desse listene eller kjenner til kvar dei kan vere, er me takksame for tips!!<\/p>\n<p>Det er \u00f2g nokon som har nemnt om at det skulle vere samla inn noko p\u00e5 50-talet, utan at eg kjenner meir til dette.<\/p>\n<p>Midt p\u00e5 60-talet kom det \u00d8konomiske Kartverket, og der var det registrert ein del namn, men det var likevel mykje som mangla. I 1984 bevilga s\u00e5 Fylkeskommunen ein del midlar slik at ein kunne kome vidare med dette arbeidet. Uheldigvis for Luster vart det lik sum p\u00e5 alle kommunane, slik at me kom d\u00e5rleg ut sidan me har s\u00e5 stor flatevidd og stort antal namn. Mykje vart difor st\u00e5ande att ogs\u00e5 denne gongen.<\/p>\n<p>No er det dei tre sogelaga i kommunen som st\u00e5r bak det nye Stadnamnprosjektet. Som koordinator og ansvarleg for kvart omr\u00e5de er Arne Kvalen for Hafslo, Per Arvid Hauge for Luster og Kristen Ormberg for Jostedal. Desse skal s\u00e5 vere kontaktmenn ut mot alle dei som skal samle inn namn i sine grender og roder. Dei skal \u00f2g vere bindeledd mot Jostein Bekken som har teke p\u00e5 seg oppg\u00e5va med \u00e5 halde orden p\u00e5 kart og lister fr\u00e5 tidlegare innsamlingar.<\/p>\n<p>Opplegget er no at det vert eit m\u00f8te i Jostedal Samfunnshus den 22.november der me vil samle alle b\u00e5de oppnemnde og andre interesserte til ei grundig orientering om korleis dette arbeidet skal utf\u00f8rast. N\u00e5r alle s\u00e5 er rimeleg oppl\u00e6rde i dette, kan arbeidet med \u00e5 namnsetje karta ta til. Det er d\u00e5 viktig at alle freistar \u00e5 grave fram alle namn dei kjenner til og f\u00e5r dei p\u00e5 kartet. For det som ikkje kjem p\u00e5 kartet denne gongen, g\u00e5r vel helst i gl\u00f8ymeboki. Det vert i alle fall lenge til neste innsamling, og d\u00e5 er vel \u00f2g dei beste informantane borte. S\u00e5 ta vel i mot grendamennene n\u00e5r dei kjem p\u00e5 bes\u00f8k, \u2013 og me g\u00e5r inn for \u00e5 f\u00e5 til ei god og grundig innsamling. Lukke til!<\/p>\n","protected":false},"excerpt":{"rendered":"<p>[Fr\u00e5 Jostedal skule- og bygdeavis, 2003.] Av Kristen Ormberg, koordinator for stadnamnregistreringa i Jostedalen<\/p>\n","protected":false},"author":2,"featured_media":0,"comment_status":"open","ping_status":"open","sticky":false,"template":"","format":"standard","meta":{"ngg_post_thumbnail":0,"footnotes":""},"categories":[5],"tags":[],"class_list":["post-80","post","type-post","status-publish","format-standard","hentry","category-stadnamn"],"_links":{"self":[{"href":"https:\/\/www.historielaget.jostedal.no\/index.php?rest_route=\/wp\/v2\/posts\/80","targetHints":{"allow":["GET"]}}],"collection":[{"href":"https:\/\/www.historielaget.jostedal.no\/index.php?rest_route=\/wp\/v2\/posts"}],"about":[{"href":"https:\/\/www.historielaget.jostedal.no\/index.php?rest_route=\/wp\/v2\/types\/post"}],"author":[{"embeddable":true,"href":"https:\/\/www.historielaget.jostedal.no\/index.php?rest_route=\/wp\/v2\/users\/2"}],"replies":[{"embeddable":true,"href":"https:\/\/www.historielaget.jostedal.no\/index.php?rest_route=%2Fwp%2Fv2%2Fcomments&post=80"}],"version-history":[{"count":0,"href":"https:\/\/www.historielaget.jostedal.no\/index.php?rest_route=\/wp\/v2\/posts\/80\/revisions"}],"wp:attachment":[{"href":"https:\/\/www.historielaget.jostedal.no\/index.php?rest_route=%2Fwp%2Fv2%2Fmedia&parent=80"}],"wp:term":[{"taxonomy":"category","embeddable":true,"href":"https:\/\/www.historielaget.jostedal.no\/index.php?rest_route=%2Fwp%2Fv2%2Fcategories&post=80"},{"taxonomy":"post_tag","embeddable":true,"href":"https:\/\/www.historielaget.jostedal.no\/index.php?rest_route=%2Fwp%2Fv2%2Ftags&post=80"}],"curies":[{"name":"wp","href":"https:\/\/api.w.org\/{rel}","templated":true}]}}